{"id":79293,"date":"2020-03-17T11:15:42","date_gmt":"2020-03-17T15:15:42","guid":{"rendered":"https:\/\/linitiative.ca\/International\/campagne-de-sensibilisation-en-faveur-des-professionnels-du-transport\/"},"modified":"2020-03-17T11:15:42","modified_gmt":"2020-03-17T15:15:42","slug":"campagne-de-sensibilisation-en-faveur-des-professionnels-du-transport","status":"publish","type":"post","link":"https:\/\/linitiative.ca\/International\/campagne-de-sensibilisation-en-faveur-des-professionnels-du-transport\/","title":{"rendered":"Campagne de sensibilisation en faveur des professionnels du transport"},"content":{"rendered":"<div readability=\"34\">\n<p>Youssoufia \u2013 Une campagne de sensibilisation au coronavirus (Covid-19) et aux moyens de s\u2019en pr\u00e9munir a \u00e9t\u00e9 initi\u00e9e par les autorit\u00e9s locales \u00e0 Youssoufia en faveur des professionnels du transport.<\/p>\n<\/div>\n<div readability=\"76\">\n<p>Organis\u00e9e par le Bureau municipal d\u2019hygi\u00e8ne de la ville et des repr\u00e9sentants de la d\u00e9l\u00e9gation provinciale de la sant\u00e9, de la pr\u00e9fecture de la province, de la Protection civile et de la s\u00fbret\u00e9 nationale, cette initiative, qui se poursuit tout au long de la semaine en cours, a cibl\u00e9 les chauffeurs de taxis (grands et petits), \u00e9tant donn\u00e9 que cette cat\u00e9gorie est expos\u00e9e au contact direct avec les citoyens.<\/p>\n<p>Dans ce cadre, les repr\u00e9sentants du bureau municipal d\u2019hygi\u00e8ne ont pr\u00e9sent\u00e9 des explications exhaustives sur les facteurs de propagation du Covid-19, tout en mettant l\u2019accent sur la n\u00e9cessit\u00e9 d\u2019\u00e9viter les rumeurs qui sont souvent diffus\u00e9es sur les r\u00e9seaux sociaux.<\/p>\n<p>Ils ont aussi appel\u00e9 les professionnels du transport \u00e0 proc\u00e9der, de mani\u00e8re r\u00e9guli\u00e8re et p\u00e9riodique, \u00e0 la d\u00e9sinfection de leurs v\u00e9hicules, \u00e0 utiliser des produits st\u00e9rilisants pour le nettoyage des poign\u00e9es de porte, du volant et des si\u00e8ges, \u00e0 respecter les r\u00e8gles d\u2019hygi\u00e8ne personnelle et \u00e0 \u00e9viter de se serrer les mains et tout rassemblement ou contact.<\/p>\n<p>Les professionnels du transport ont, en outre, pris connaissance des conseils et consignes de pr\u00e9vention prodigu\u00e9s par le minist\u00e8re de tutelle en vue d\u2019\u00e9viter toute contamination et propagation du virus, dont le respect strict des r\u00e8gles d\u2019hygi\u00e8ne et l\u2019utilisation de mouchoirs en cas d\u2019\u00e9ternuement ou de toux.<\/p>\n<p>Ils ont, par ailleurs, salu\u00e9, dans leurs interventions, cette initiative ax\u00e9e sur le volet pr\u00e9ventif, en tant qu\u2019unique moyen pour se prot\u00e9ger de ce virus, exprimant leur pleine adh\u00e9sion aux efforts d\u00e9ploy\u00e9s sur les plans provincial et national pour surmonter cette conjoncture exceptionnelle.<\/p>\n<\/div>\n<p>Auteur: Meriem IGASS<br \/>\n<a href=\"http:\/\/www.mapmarrakech.ma\/fr\/campagne-de-sensibilisation-en-faveur-des-professionnels-du-transport\/\">Cliquez ici pour lire l&rsquo;article depuis sa source.<\/a><\/p>\n","protected":false},"excerpt":{"rendered":"<p>Youssoufia \u2013 Une campagne de sensibilisation au coronavirus (Covid-19) et aux moyens de s\u2019en pr\u00e9munir a \u00e9t\u00e9 initi\u00e9e par les autorit\u00e9s locales \u00e0 Youssoufia en faveur des professionnels du transport. Organis\u00e9e par le Bureau municipal d\u2019hygi\u00e8ne de la ville et des repr\u00e9sentants de la d\u00e9l\u00e9gation provinciale de la sant\u00e9, de la pr\u00e9fecture de la province, [&hellip;]<\/p>\n","protected":false},"author":1788,"featured_media":0,"comment_status":"closed","ping_status":"closed","sticky":false,"template":"","format":"standard","meta":{"fifu_image_url":"","fifu_image_alt":"","footnotes":""},"categories":[54,76],"tags":[],"class_list":["post-79293","post","type-post","status-publish","format-standard","hentry","category-maroc","category-regions"],"_links":{"self":[{"href":"https:\/\/linitiative.ca\/International\/wp-json\/wp\/v2\/posts\/79293","targetHints":{"allow":["GET"]}}],"collection":[{"href":"https:\/\/linitiative.ca\/International\/wp-json\/wp\/v2\/posts"}],"about":[{"href":"https:\/\/linitiative.ca\/International\/wp-json\/wp\/v2\/types\/post"}],"author":[{"embeddable":true,"href":"https:\/\/linitiative.ca\/International\/wp-json\/wp\/v2\/users\/1788"}],"replies":[{"embeddable":true,"href":"https:\/\/linitiative.ca\/International\/wp-json\/wp\/v2\/comments?post=79293"}],"version-history":[{"count":0,"href":"https:\/\/linitiative.ca\/International\/wp-json\/wp\/v2\/posts\/79293\/revisions"}],"wp:attachment":[{"href":"https:\/\/linitiative.ca\/International\/wp-json\/wp\/v2\/media?parent=79293"}],"wp:term":[{"taxonomy":"category","embeddable":true,"href":"https:\/\/linitiative.ca\/International\/wp-json\/wp\/v2\/categories?post=79293"},{"taxonomy":"post_tag","embeddable":true,"href":"https:\/\/linitiative.ca\/International\/wp-json\/wp\/v2\/tags?post=79293"}],"curies":[{"name":"wp","href":"https:\/\/api.w.org\/{rel}","templated":true}]}}