{"id":79294,"date":"2020-03-17T12:34:18","date_gmt":"2020-03-17T16:34:18","guid":{"rendered":"https:\/\/linitiative.ca\/International\/renforcement-de-lapprovisionnement-en-fruits-et-legumes\/"},"modified":"2020-03-17T12:34:18","modified_gmt":"2020-03-17T16:34:18","slug":"renforcement-de-lapprovisionnement-en-fruits-et-legumes","status":"publish","type":"post","link":"https:\/\/linitiative.ca\/International\/renforcement-de-lapprovisionnement-en-fruits-et-legumes\/","title":{"rendered":"Renforcement de l\u2019approvisionnement en fruits et l\u00e9gumes"},"content":{"rendered":"<div class=\"single-featured\"><img alt=\"\" data-src=\"http:\/\/www.mapmarrakech.ma\/map\/uploads\/2020\/03\/L&#xE9;gumes-et-fruits-archives.jpg\"\/><\/div>\n<div class=\"single-post-excerpt post-excerpt-bc\" readability=\"39\">\n<p>Rabat \u2013 Dans le contexte sanitaire actuel caus\u00e9 par la pand\u00e9mie Covid-19 et afin d\u2019assurer l\u2019approvisionnement continu des march\u00e9s nationaux, les minist\u00e8res de l\u2019Int\u00e9rieur et celui de l\u2019Agriculture, de la P\u00eache Maritime, du D\u00e9veloppement Rural et des Eaux et For\u00eats, ont pris conjointement la d\u00e9cision de permettre l\u2019approvisionnement direct des Grandes et Moyennes Surfaces (GMS) en l\u00e9gumes et fruits via la vente directe par les producteurs \u00e0 ces espaces de commerce sans passer par les march\u00e9s de gros.<\/p>\n<\/div>\n<div class=\"entry-content clearfix single-post-content\" readability=\"46\">\n<p>Dans un communiqu\u00e9 publi\u00e9 mardi, le minist\u00e8re de l\u2019Agriculture, de la P\u00eache maritime, du D\u00e9veloppement rural et des Eaux et For\u00eats pr\u00e9cise que cette mesure prend effet \u00e0 partir du 18 mars 2020 et durera 1 mois.<\/p>\n<p>Le minist\u00e8re avait affirm\u00e9, dans un communiqu\u00e9 en date du 16 mars, que le ravitaillement des march\u00e9s sera assur\u00e9 de mani\u00e8re r\u00e9guli\u00e8re en produits agricoles et de la p\u00eache, soulignant qu\u2019aucune discontinuit\u00e9 de l\u2019approvisionnement, ni rupture de la production des produits agricoles et de la p\u00eache ne sont pr\u00e9vues.<\/p>\n<\/div>\n<p>Auteur: Meriem IGASS<br \/>\n<a href=\"http:\/\/www.mapmarrakech.ma\/fr\/renforcement-de-lapprovisionnement-en-fruits-et-legumes\/\">Cliquez ici pour lire l&rsquo;article depuis sa source.<\/a><\/p>\n","protected":false},"excerpt":{"rendered":"<p>Rabat \u2013 Dans le contexte sanitaire actuel caus\u00e9 par la pand\u00e9mie Covid-19 et afin d\u2019assurer l\u2019approvisionnement continu des march\u00e9s nationaux, les minist\u00e8res de l\u2019Int\u00e9rieur et celui de l\u2019Agriculture, de la P\u00eache Maritime, du D\u00e9veloppement Rural et des Eaux et For\u00eats, ont pris conjointement la d\u00e9cision de permettre l\u2019approvisionnement direct des Grandes et Moyennes Surfaces (GMS) [&hellip;]<\/p>\n","protected":false},"author":1788,"featured_media":79295,"comment_status":"closed","ping_status":"closed","sticky":false,"template":"","format":"standard","meta":{"fifu_image_url":"","fifu_image_alt":"","footnotes":""},"categories":[54,76],"tags":[],"class_list":["post-79294","post","type-post","status-publish","format-standard","has-post-thumbnail","hentry","category-maroc","category-regions"],"_links":{"self":[{"href":"https:\/\/linitiative.ca\/International\/wp-json\/wp\/v2\/posts\/79294","targetHints":{"allow":["GET"]}}],"collection":[{"href":"https:\/\/linitiative.ca\/International\/wp-json\/wp\/v2\/posts"}],"about":[{"href":"https:\/\/linitiative.ca\/International\/wp-json\/wp\/v2\/types\/post"}],"author":[{"embeddable":true,"href":"https:\/\/linitiative.ca\/International\/wp-json\/wp\/v2\/users\/1788"}],"replies":[{"embeddable":true,"href":"https:\/\/linitiative.ca\/International\/wp-json\/wp\/v2\/comments?post=79294"}],"version-history":[{"count":0,"href":"https:\/\/linitiative.ca\/International\/wp-json\/wp\/v2\/posts\/79294\/revisions"}],"wp:featuredmedia":[{"embeddable":true,"href":"https:\/\/linitiative.ca\/International\/wp-json\/"}],"wp:attachment":[{"href":"https:\/\/linitiative.ca\/International\/wp-json\/wp\/v2\/media?parent=79294"}],"wp:term":[{"taxonomy":"category","embeddable":true,"href":"https:\/\/linitiative.ca\/International\/wp-json\/wp\/v2\/categories?post=79294"},{"taxonomy":"post_tag","embeddable":true,"href":"https:\/\/linitiative.ca\/International\/wp-json\/wp\/v2\/tags?post=79294"}],"curies":[{"name":"wp","href":"https:\/\/api.w.org\/{rel}","templated":true}]}}