{"id":79296,"date":"2020-03-17T13:58:35","date_gmt":"2020-03-17T17:58:35","guid":{"rendered":"https:\/\/linitiative.ca\/International\/mobilisation-des-autorites-sanitaires-contre-le-covid-19\/"},"modified":"2020-03-17T13:58:35","modified_gmt":"2020-03-17T17:58:35","slug":"mobilisation-des-autorites-sanitaires-contre-le-covid-19","status":"publish","type":"post","link":"https:\/\/linitiative.ca\/International\/mobilisation-des-autorites-sanitaires-contre-le-covid-19\/","title":{"rendered":"Mobilisation des autorit\u00e9s sanitaires contre le covid-19"},"content":{"rendered":"<div readability=\"34\">\n<p>El Kel\u00e2a des Sraghna \u2013 Les autorit\u00e9s sanitaires de la province d\u2019El Kal\u00e2a des Sraghna se sont fortement mobilis\u00e9es dans le cadre des efforts proactifs d\u00e9ploy\u00e9s en vue de contenir et d\u2019\u00e9viter la propagation de la pand\u00e9mie du nouveau coronavirus (Covid-19).<\/p>\n<\/div>\n<div readability=\"74\">\n<p>Dans ce sens, le gouverneur de la province, Hicham Smahi, a effectu\u00e9 lundi une visite au service r\u00e9serv\u00e9 \u00e0 l\u2019accueil d\u2019\u00e9ventuelles personnes contamin\u00e9es par ce virus et ce, dans le cadre de l\u2019approche proactive pr\u00f4n\u00e9e par le minist\u00e8re de la sant\u00e9, qui consiste en l\u2019am\u00e9nagement de salles d\u00e9di\u00e9es \u00e0 la mise en quarantaine des cas d\u2019infection confirm\u00e9s.<\/p>\n<p>A cet effet, la d\u00e9l\u00e9gation provinciale de la Sant\u00e9 a am\u00e9nag\u00e9 un pavillon sp\u00e9cial au sein de l\u2019h\u00f4pital d\u2019El Kel\u00e2a des Sraghna, o\u00f9 des explications ont \u00e9t\u00e9 pr\u00e9sent\u00e9es \u00e0 M. Smahi et \u00e0 la d\u00e9l\u00e9gation l\u2019accompagnant sur les mesures adopt\u00e9es pour le traitement de chaque cas suspect, depuis son accueil, en passant par les analyses m\u00e9dicales n\u00e9cessaires, jusqu\u2019au stade de la mise en quarantaine.<\/p>\n<p>A cette occasion, le d\u00e9l\u00e9gu\u00e9 provincial de la sant\u00e9, Moulay Abdelmalek Al Mansouri, a soulign\u00e9 que l\u2019\u00e9quipe de la cellule de veille \u0153uvre conform\u00e9ment aux recommandations du minist\u00e8re de la Sant\u00e9 pour la gestion de la situation \u00e9pid\u00e9miologique et ce, de mani\u00e8re permanente tout au long de la journ\u00e9e.<\/p>\n<p>Dans une d\u00e9claration \u00e0 la presse, le responsable a indiqu\u00e9 que cette cellule va assurer le suivi des cas \u00e9ventuels au niveau de la province et les classer selon le degr\u00e9 de gravit\u00e9 et de risque, appelant les citoyens \u00e0 respecter les r\u00e8gles et pr\u00e9cautions recommand\u00e9es par le minist\u00e8re de tutelle et \u00e0 accorder une attention particuli\u00e8re aux messages de sensibilisation et de pr\u00e9vention contre la pand\u00e9mie.<\/p>\n<p>Pour sa part, le gouverneur de la province s\u2019est f\u00e9licit\u00e9 des efforts consentis par la d\u00e9l\u00e9gation provinciale de la sant\u00e9 pour faire face \u00e0 cette pand\u00e9mie, en particulier pour l\u2019accueil d\u2019\u00e9ventuels cas contamin\u00e9s, r\u00e9it\u00e9rant son appel \u00e0 davantage de vigilance et de prudence afin d\u2019assurer la s\u00e9curit\u00e9 des citoyens et d\u2019\u0153uvrer en vue de surmonter cette conjoncture.<\/p>\n<\/div>\n<p>Auteur: Meriem IGASS<br \/>\n<a href=\"http:\/\/www.mapmarrakech.ma\/fr\/mobilisation-des-autorites-sanitaires-contre-le-covid-19\/\">Cliquez ici pour lire l&rsquo;article depuis sa source.<\/a><\/p>\n","protected":false},"excerpt":{"rendered":"<p>El Kel\u00e2a des Sraghna \u2013 Les autorit\u00e9s sanitaires de la province d\u2019El Kal\u00e2a des Sraghna se sont fortement mobilis\u00e9es dans le cadre des efforts proactifs d\u00e9ploy\u00e9s en vue de contenir et d\u2019\u00e9viter la propagation de la pand\u00e9mie du nouveau coronavirus (Covid-19). Dans ce sens, le gouverneur de la province, Hicham Smahi, a effectu\u00e9 lundi une [&hellip;]<\/p>\n","protected":false},"author":1788,"featured_media":0,"comment_status":"closed","ping_status":"closed","sticky":false,"template":"","format":"standard","meta":{"fifu_image_url":"","fifu_image_alt":"","footnotes":""},"categories":[54,76],"tags":[],"class_list":["post-79296","post","type-post","status-publish","format-standard","hentry","category-maroc","category-regions"],"_links":{"self":[{"href":"https:\/\/linitiative.ca\/International\/wp-json\/wp\/v2\/posts\/79296","targetHints":{"allow":["GET"]}}],"collection":[{"href":"https:\/\/linitiative.ca\/International\/wp-json\/wp\/v2\/posts"}],"about":[{"href":"https:\/\/linitiative.ca\/International\/wp-json\/wp\/v2\/types\/post"}],"author":[{"embeddable":true,"href":"https:\/\/linitiative.ca\/International\/wp-json\/wp\/v2\/users\/1788"}],"replies":[{"embeddable":true,"href":"https:\/\/linitiative.ca\/International\/wp-json\/wp\/v2\/comments?post=79296"}],"version-history":[{"count":0,"href":"https:\/\/linitiative.ca\/International\/wp-json\/wp\/v2\/posts\/79296\/revisions"}],"wp:attachment":[{"href":"https:\/\/linitiative.ca\/International\/wp-json\/wp\/v2\/media?parent=79296"}],"wp:term":[{"taxonomy":"category","embeddable":true,"href":"https:\/\/linitiative.ca\/International\/wp-json\/wp\/v2\/categories?post=79296"},{"taxonomy":"post_tag","embeddable":true,"href":"https:\/\/linitiative.ca\/International\/wp-json\/wp\/v2\/tags?post=79296"}],"curies":[{"name":"wp","href":"https:\/\/api.w.org\/{rel}","templated":true}]}}