{"id":79297,"date":"2020-03-17T14:05:00","date_gmt":"2020-03-17T18:05:00","guid":{"rendered":"https:\/\/linitiative.ca\/International\/le-vrai-du-faux-autour-du-coronavirus-au-maroc\/"},"modified":"2020-03-17T14:05:00","modified_gmt":"2020-03-17T18:05:00","slug":"le-vrai-du-faux-autour-du-coronavirus-au-maroc","status":"publish","type":"post","link":"https:\/\/linitiative.ca\/International\/le-vrai-du-faux-autour-du-coronavirus-au-maroc\/","title":{"rendered":"Le vrai du faux autour du Coronavirus au Maroc"},"content":{"rendered":"<div class=\"single-featured\"><img alt=\"\" data-src=\"http:\/\/www.mapmarrakech.ma\/map\/uploads\/2020\/03\/vraiaufaux.jpg\"\/><\/div>\n<div class=\"single-post-excerpt post-excerpt-bc\" readability=\"37\">\n<p>Rabat \u2013 Le Coronavirus, qui a fait des milliers de morts dans le monde, est \u00e0 l\u2019origine d\u2019un flot de Fake news relay\u00e9es sur les r\u00e9seaux sociaux. La MAP fait le tri entre les intox et les bonnes informations, pour une meilleure sensibilisation.<\/p>\n<\/div>\n<div class=\"entry-content clearfix single-post-content\" readability=\"61\">\n<p>Le Maroc mettra en place une politique de confinement restrictive. Les forces arm\u00e9es seront en constante circulation dans les rues pour s\u2019assurer que cette politique est respect\u00e9e par les citoyens. FAUX<\/p>\n<p>Plusieurs cas de contamination ont \u00e9t\u00e9 d\u00e9tect\u00e9s dans des entreprises marocaines. Certaines soci\u00e9t\u00e9s s\u2019appr\u00eatent \u00e0 \u00e9vacuer leurs locaux. FAUX.<\/p>\n<p>Des Walis, des gouverneurs et des \u00e9l\u00e9ments de la gendarmerie royale ont pris part \u00e0 une r\u00e9union au si\u00e8ge du minist\u00e8re de l\u2019Int\u00e9rieur portant sur l\u2019\u00e9tablissement d\u2019un \u00c9tat d\u2019urgence au Maroc pour une p\u00e9riode de 15 jours. FAUX<\/p>\n<p>Prendre un bain chaud prot\u00e8ge contre le nouveau coronavirus. FAUX<\/p>\n<p>Des poursuites judiciaires seront engag\u00e9es \u00e0 l\u2019encontre de tous ceux qui v\u00e9hiculent des Fake news sur le coronavirus de nature \u00e0 semer la panique entre les citoyens et porter atteinte \u00e0 l\u2019ordre public. VRAI<\/p>\n<p>L\u2019approvisionnement direct des Grandes et Moyennes Surfaces (GMS) en l\u00e9gumes et fruits via la vente directe par les producteurs \u00e0 ces espaces de commerce sans passer par les march\u00e9s de gros. VRAI<\/p>\n<p>La Caisse Nationale des Organismes de Pr\u00e9voyance Sociale (CNOPS) a d\u00e9cid\u00e9 d\u2019arr\u00eater d\u2019accueillir les assur\u00e9s et les prestataires de soins dans ses aires d\u2019accueil, \u00e0 partir de ce mardi 17 mars. VRAI<\/p>\n<p>Le Raja et le Wydad de Casablanca, se sont joints aux efforts de sensibilisation sur la pand\u00e9mie du nouveau coronavirus (covid-19). VRAI<\/p>\n<\/div>\n<p>Auteur: Meriem IGASS<br \/>\n<a href=\"http:\/\/www.mapmarrakech.ma\/fr\/le-vrai-du-faux-autour-du-coronavirus-au-maroc\/\">Cliquez ici pour lire l&rsquo;article depuis sa source.<\/a><\/p>\n","protected":false},"excerpt":{"rendered":"<p>Rabat \u2013 Le Coronavirus, qui a fait des milliers de morts dans le monde, est \u00e0 l\u2019origine d\u2019un flot de Fake news relay\u00e9es sur les r\u00e9seaux sociaux. La MAP fait le tri entre les intox et les bonnes informations, pour une meilleure sensibilisation. Le Maroc mettra en place une politique de confinement restrictive. Les forces [&hellip;]<\/p>\n","protected":false},"author":1788,"featured_media":79298,"comment_status":"closed","ping_status":"closed","sticky":false,"template":"","format":"standard","meta":{"fifu_image_url":"","fifu_image_alt":"","footnotes":""},"categories":[54,76],"tags":[],"class_list":["post-79297","post","type-post","status-publish","format-standard","has-post-thumbnail","hentry","category-maroc","category-regions"],"_links":{"self":[{"href":"https:\/\/linitiative.ca\/International\/wp-json\/wp\/v2\/posts\/79297","targetHints":{"allow":["GET"]}}],"collection":[{"href":"https:\/\/linitiative.ca\/International\/wp-json\/wp\/v2\/posts"}],"about":[{"href":"https:\/\/linitiative.ca\/International\/wp-json\/wp\/v2\/types\/post"}],"author":[{"embeddable":true,"href":"https:\/\/linitiative.ca\/International\/wp-json\/wp\/v2\/users\/1788"}],"replies":[{"embeddable":true,"href":"https:\/\/linitiative.ca\/International\/wp-json\/wp\/v2\/comments?post=79297"}],"version-history":[{"count":0,"href":"https:\/\/linitiative.ca\/International\/wp-json\/wp\/v2\/posts\/79297\/revisions"}],"wp:featuredmedia":[{"embeddable":true,"href":"https:\/\/linitiative.ca\/International\/wp-json\/"}],"wp:attachment":[{"href":"https:\/\/linitiative.ca\/International\/wp-json\/wp\/v2\/media?parent=79297"}],"wp:term":[{"taxonomy":"category","embeddable":true,"href":"https:\/\/linitiative.ca\/International\/wp-json\/wp\/v2\/categories?post=79297"},{"taxonomy":"post_tag","embeddable":true,"href":"https:\/\/linitiative.ca\/International\/wp-json\/wp\/v2\/tags?post=79297"}],"curies":[{"name":"wp","href":"https:\/\/api.w.org\/{rel}","templated":true}]}}