{"id":79305,"date":"2020-03-16T18:50:14","date_gmt":"2020-03-16T22:50:14","guid":{"rendered":"https:\/\/linitiative.ca\/International\/covid-19-le-bilan-passe-a-37-cas-confirmes-au-maroc\/"},"modified":"2020-03-16T18:50:14","modified_gmt":"2020-03-16T22:50:14","slug":"covid-19-le-bilan-passe-a-37-cas-confirmes-au-maroc","status":"publish","type":"post","link":"https:\/\/linitiative.ca\/International\/covid-19-le-bilan-passe-a-37-cas-confirmes-au-maroc\/","title":{"rendered":"Covid-19: le bilan passe \u00e0 37 cas confirm\u00e9s au Maroc"},"content":{"rendered":"<div class=\"single-featured\"><img alt=\"\" data-src=\"http:\/\/www.mapoujda.ma\/map\/uploads\/2020\/02\/Minist&#xE8;re-de-la-sant&#xE9;-M750&#xD7;430-MAP.jpg\"\/><\/div>\n<div class=\"entry-content clearfix single-post-content\" readability=\"65\">\n<p class=\"c5\">Neuf nouveaux cas confirm\u00e9s de contamination au nouveau coronavirus (Covid-19) ont \u00e9t\u00e9 enregistr\u00e9s au Maroc, depuis la nuit de dimanche \u00e0 lundi jusqu\u2019\u00e0 21h de ce lundi 16 mars, portant ainsi \u00e0 37 le nombre total de cas confirm\u00e9s dans le Royaume, annonce le minist\u00e8re de la Sant\u00e9.<\/p>\n<p class=\"c5\">Il s\u2019agit de cas d\u2019infection en provenance de l\u2019\u00e9tranger, \u00e0 l\u2019exception d\u2019un seul soup\u00e7onn\u00e9 d\u2019avoir \u00e9t\u00e9 contamin\u00e9 par une personne provenant de l\u2019\u00e9tranger et test\u00e9e positive au virus, pr\u00e9cise le minist\u00e8re dans un communiqu\u00e9.<\/p>\n<p class=\"c5\">Les neuf nouveaux cas ont \u00e9t\u00e9 enregistr\u00e9s dans les villes de Mekn\u00e8s (1), Marrakech (2), Agadir (1), F\u00e8s (2), Rabat (2) et Casablanca (1), ajoute-t-on de m\u00eame source.<\/p>\n<p class=\"c5\">Les nouveaux cas ont \u00e9t\u00e9 diagnostiqu\u00e9s par des staffs m\u00e9dicaux sp\u00e9cialis\u00e9s, suivant les proc\u00e9dures en vigueur pour la r\u00e9alisation des analyses au laboratoire national de la grippe et des virus respiratoires relevant de l\u2019Institut national d\u2019hygi\u00e8ne \u00e0 Rabat et \u00e0 l\u2019institut Pasteur-Maroc de Casablanca, rel\u00e8ve le minist\u00e8re, notant que tous ces cas ont \u00e9t\u00e9 pris en charge conform\u00e9ment aux mesures sanitaires en vigueur.<\/p>\n<p class=\"c5\">Le minist\u00e8re invite les citoyennes et les citoyens \u00e0 respecter les r\u00e8gles d\u2019hygi\u00e8ne et de s\u00e9curit\u00e9 sanitaire et \u00e0 adh\u00e9rer, en toute responsabilit\u00e9 et dans un esprit de nationalisme, aux mesures pr\u00e9ventives annonc\u00e9es par les autorit\u00e9s marocaines.<\/p>\n<\/div>\n<p>Auteur: Soufiane ELAHMAR<br \/>\n<a href=\"http:\/\/www.mapoujda.ma\/fr\/covid-19-le-bilan-passe-a-37-cas-confirmes-au-maroc\/\">Cliquez ici pour lire l&rsquo;article depuis sa source.<\/a><\/p>\n","protected":false},"excerpt":{"rendered":"<p>Neuf nouveaux cas confirm\u00e9s de contamination au nouveau coronavirus (Covid-19) ont \u00e9t\u00e9 enregistr\u00e9s au Maroc, depuis la nuit de dimanche \u00e0 lundi jusqu\u2019\u00e0 21h de ce lundi 16 mars, portant ainsi \u00e0 37 le nombre total de cas confirm\u00e9s dans le Royaume, annonce le minist\u00e8re de la Sant\u00e9. Il s\u2019agit de cas d\u2019infection en provenance [&hellip;]<\/p>\n","protected":false},"author":1788,"featured_media":79306,"comment_status":"closed","ping_status":"closed","sticky":false,"template":"","format":"standard","meta":{"fifu_image_url":"","fifu_image_alt":"","footnotes":""},"categories":[54,76],"tags":[],"class_list":["post-79305","post","type-post","status-publish","format-standard","has-post-thumbnail","hentry","category-maroc","category-regions"],"_links":{"self":[{"href":"https:\/\/linitiative.ca\/International\/wp-json\/wp\/v2\/posts\/79305","targetHints":{"allow":["GET"]}}],"collection":[{"href":"https:\/\/linitiative.ca\/International\/wp-json\/wp\/v2\/posts"}],"about":[{"href":"https:\/\/linitiative.ca\/International\/wp-json\/wp\/v2\/types\/post"}],"author":[{"embeddable":true,"href":"https:\/\/linitiative.ca\/International\/wp-json\/wp\/v2\/users\/1788"}],"replies":[{"embeddable":true,"href":"https:\/\/linitiative.ca\/International\/wp-json\/wp\/v2\/comments?post=79305"}],"version-history":[{"count":0,"href":"https:\/\/linitiative.ca\/International\/wp-json\/wp\/v2\/posts\/79305\/revisions"}],"wp:featuredmedia":[{"embeddable":true,"href":"https:\/\/linitiative.ca\/International\/wp-json\/"}],"wp:attachment":[{"href":"https:\/\/linitiative.ca\/International\/wp-json\/wp\/v2\/media?parent=79305"}],"wp:term":[{"taxonomy":"category","embeddable":true,"href":"https:\/\/linitiative.ca\/International\/wp-json\/wp\/v2\/categories?post=79305"},{"taxonomy":"post_tag","embeddable":true,"href":"https:\/\/linitiative.ca\/International\/wp-json\/wp\/v2\/tags?post=79305"}],"curies":[{"name":"wp","href":"https:\/\/api.w.org\/{rel}","templated":true}]}}