{"id":79311,"date":"2020-03-17T09:24:07","date_gmt":"2020-03-17T13:24:07","guid":{"rendered":"https:\/\/linitiative.ca\/International\/covid-19-reglementation-des-prix-des-gels-hydroalcooliques\/"},"modified":"2020-03-17T09:24:07","modified_gmt":"2020-03-17T13:24:07","slug":"covid-19-reglementation-des-prix-des-gels-hydroalcooliques","status":"publish","type":"post","link":"https:\/\/linitiative.ca\/International\/covid-19-reglementation-des-prix-des-gels-hydroalcooliques\/","title":{"rendered":"Covid-19: R\u00e9glementation des prix des gels hydroalcooliques"},"content":{"rendered":"<div class=\"single-featured\"><img alt=\"\" data-src=\"http:\/\/www.mapoujda.ma\/map\/uploads\/2020\/03\/Masque-et-Gel-hydroalcooliques-M750&#xD7;430-EPA.jpg\"\/><\/div>\n<div class=\"entry-content clearfix single-post-content\" readability=\"62\">\n<p class=\"c5\">Le Conseil de la concurrence a consid\u00e9r\u00e9 comme recevable la demande d\u2019avis du gouvernement au sujet de la r\u00e9glementation des prix des gels hydroalcooliques et des masques de protection, en raison de la propagation du virus Covid-19, relevant qu\u2019elle r\u00e9unit les conditions stipul\u00e9es par la\u00a0 l\u2019article 4 de la loi n\u00b0 104.12 relative \u00e0 la libert\u00e9 des prix et de la concurrence .<\/p>\n<p class=\"c5\">Dans un communiqu\u00e9 mardi, le Conseil de la concurrence indique que sa Commission permanente a tenu sa r\u00e9union le lundi 16 mars 2020 dans le cadre de la proc\u00e9dure de consultation d\u2019urgence fix\u00e9e par la loi pour le traitement de la demande d\u2019avis transmise\u00a0au Conseil par le ministre de l\u2019Economie, des Finances et de la R\u00e9forme de l\u2019Administration, au sujet de la r\u00e9glementation des prix des gels hydroalcooliques et des masques de protection, en raison de la propagation du Virus Covid-19 qui est pass\u00e9 d\u2019une \u00e9pid\u00e9mie \u00e0 une pand\u00e9mie selon l\u2019Organisation Mondiale de la Sant\u00e9 (OMS).<\/p>\n<p class=\"c5\">Apr\u00e8s un examen approfondi de l\u2019ensemble des aspects juridiques, et vu que la mesure envisag\u00e9e par le gouvernement vise \u00e0 contrecarrer les sp\u00e9culations r\u00e9sultant de l\u2019augmentation de la demande nationale et internationale pour ces deux produits, dans le contexte des dispositions pr\u00e9ventives d\u00e9ploy\u00e9es par les pouvoirs publics, le Conseil de la concurrence a consid\u00e9r\u00e9 que cette demande d\u2019avis du gouvernement est recevable car elle r\u00e9unit les conditions stipul\u00e9es par l\u2019article 4 de la loi n\u00b0 104.12 relative \u00e0 la libert\u00e9 des prix et de la concurrence, ajoute la m\u00eame source.<\/p>\n<p class=\"c5\">Dans ce cadre, le Conseil de la concurrence recommande \u00e9galement la prise de mesures temporaires relatives \u00e0 la r\u00e9glementation des gels hydroalcooliques et des masques de protection, pour une dur\u00e9e qui n\u2019exc\u00e8de pas six (6) mois prorogeable une seule fois, conclut le communiqu\u00e9.<\/p>\n<\/div>\n<p>Auteur: Soufiane ELAHMAR<br \/>\n<a href=\"http:\/\/www.mapoujda.ma\/fr\/covid-19-reglementation-des-prix-des-gels-hydroalcooliques\/\">Cliquez ici pour lire l&rsquo;article depuis sa source.<\/a><\/p>\n","protected":false},"excerpt":{"rendered":"<p>Le Conseil de la concurrence a consid\u00e9r\u00e9 comme recevable la demande d\u2019avis du gouvernement au sujet de la r\u00e9glementation des prix des gels hydroalcooliques et des masques de protection, en raison de la propagation du virus Covid-19, relevant qu\u2019elle r\u00e9unit les conditions stipul\u00e9es par la\u00a0 l\u2019article 4 de la loi n\u00b0 104.12 relative \u00e0 la [&hellip;]<\/p>\n","protected":false},"author":1788,"featured_media":79312,"comment_status":"closed","ping_status":"closed","sticky":false,"template":"","format":"standard","meta":{"fifu_image_url":"","fifu_image_alt":"","footnotes":""},"categories":[54,76],"tags":[],"class_list":["post-79311","post","type-post","status-publish","format-standard","has-post-thumbnail","hentry","category-maroc","category-regions"],"_links":{"self":[{"href":"https:\/\/linitiative.ca\/International\/wp-json\/wp\/v2\/posts\/79311","targetHints":{"allow":["GET"]}}],"collection":[{"href":"https:\/\/linitiative.ca\/International\/wp-json\/wp\/v2\/posts"}],"about":[{"href":"https:\/\/linitiative.ca\/International\/wp-json\/wp\/v2\/types\/post"}],"author":[{"embeddable":true,"href":"https:\/\/linitiative.ca\/International\/wp-json\/wp\/v2\/users\/1788"}],"replies":[{"embeddable":true,"href":"https:\/\/linitiative.ca\/International\/wp-json\/wp\/v2\/comments?post=79311"}],"version-history":[{"count":0,"href":"https:\/\/linitiative.ca\/International\/wp-json\/wp\/v2\/posts\/79311\/revisions"}],"wp:featuredmedia":[{"embeddable":true,"href":"https:\/\/linitiative.ca\/International\/wp-json\/"}],"wp:attachment":[{"href":"https:\/\/linitiative.ca\/International\/wp-json\/wp\/v2\/media?parent=79311"}],"wp:term":[{"taxonomy":"category","embeddable":true,"href":"https:\/\/linitiative.ca\/International\/wp-json\/wp\/v2\/categories?post=79311"},{"taxonomy":"post_tag","embeddable":true,"href":"https:\/\/linitiative.ca\/International\/wp-json\/wp\/v2\/tags?post=79311"}],"curies":[{"name":"wp","href":"https:\/\/api.w.org\/{rel}","templated":true}]}}