{"id":79316,"date":"2020-03-17T14:26:59","date_gmt":"2020-03-17T18:26:59","guid":{"rendered":"https:\/\/linitiative.ca\/International\/la-pause-du-hirak-une-decision-salutaire\/"},"modified":"2020-03-17T14:26:59","modified_gmt":"2020-03-17T18:26:59","slug":"la-pause-du-hirak-une-decision-salutaire","status":"publish","type":"post","link":"https:\/\/linitiative.ca\/International\/la-pause-du-hirak-une-decision-salutaire\/","title":{"rendered":"La pause du hirak, une d\u00e9cision salutaire"},"content":{"rendered":"<p><br class=\"autobr\"\/><strong>Face \u00e0 l\u2019ampleur de la menace de pand\u00e9mie du coronavirus, les voix de la raison commencent \u00e0 se faire entendre pour appeler les Alg\u00e9riens \u00e0 \u00e9viter les manifestations sur la voie publique.<\/strong><\/p>\n<p><br class=\"autobr\"\/><br \/>\nLes quelques desperados qui mart\u00e8lent \u00e0 ceux qui veulent bien les \u00e9couter que le coronavirus serait une \u00ab\u00a0ruse\u00a0\u00bb du pouvoir pour affaiblir, voire tuer le hirak, auront eu la maladresse assassine de s\u2019ent\u00eater \u00e0 pousser le peuple \u00e0 un suicide collectif au nom d\u2019un id\u00e9al de changement qui cache en r\u00e9alit\u00e9 des vell\u00e9it\u00e9s malsaines de certaines parties hostiles \u00e0 l\u2019Alg\u00e9rie et \u00e0 son peuple.<\/p>\n<blockquote readability=\"10\">\n<p><br class=\"autobr\"\/><strong><span class=\"c5\">Ainsi, des journalistes, des avocats, des hommes politiques et des figures de proue de l\u2019opposition sont mont\u00e9s au cr\u00e9neau depuis 48 heures pour appeler \u00e0 la suspension du hirak au nom de l\u2019int\u00e9r\u00eat g\u00e9n\u00e9ral de l\u2019Alg\u00e9rie et des Alg\u00e9riens.<\/span><\/strong><\/p>\n<\/blockquote>\n<p><br class=\"autobr\"\/><br \/>\nL\u2019article sign\u00e9 par Sa\u00efd Djaafer sur le site de Radio M a \u00e9t\u00e9 le premier coup de salve. Sous le titre \u00ab\u00a0Arr\u00eater les marches est imp\u00e9rieux\u00a0: le hirak doit nous aider \u00e0 vaincre nos col\u00e8res\u00a0\u00bb, Sa\u00efd Djaafer estime que l\u2019\u00ab\u00a0un des plus lumineux mots d\u2019ordre du hirak a \u00e9t\u00e9 \u2018netrabaou gaa\u2019, ou \u2018 Ntwa3aw ga3\u2019 (on s\u2019\u00e9duque tous, on prend conscience tous). Avec cette crise plan\u00e9taire due au coronavirus, nous le devons encore plus que jamais\u00a0\u00bb. Pour lui, \u00ab\u00a0c\u2019est parce que le hirak nous a rendus meilleurs, plus intelligents et plus responsables que nous devons le d\u00e9cider\u00a0: les marches et les rassemblements doivent \u00eatre suspendus. Vainquons nos col\u00e8res car nous nous aimons. Nous serons encore meilleurs et plus forts pour les batailles qui viennent\u00a0\u00bb.<\/p>\n<p><br class=\"autobr\"\/><br \/>\nLe journaliste Nadjib Belhimer abonde dans ce sens. Car \u00ab\u00a0la r\u00e9volution pacifique ne mourra pas avec la suspension des manifestations\u00a0\u00bb, \u00e9tant donn\u00e9 qu\u2019\u00ab\u00a0une position rationnelle de suspendre les marches est un plus pour la r\u00e9volution pacifique\u00a0\u00bb.<\/p>\n<p><br class=\"autobr\"\/><br \/>\nUne cascade de d\u00e9clarations publiques sont venues soutenir ces appels. Soufiane Djilali est intervenu sur TSA puis \u00e0 la t\u00e9l\u00e9vision nationale dans les \u00e9ditions du 19 h et du 20 h. La prudence et la responsabilit\u00e9 ne devraient pas \u00eatre mises au m\u00eame diapason que l\u2019inconscience et l\u2019irresponsabilit\u00e9 au nom d\u2019une mobilisation pour le hirak, ce dernier \u00e9tant un nouvel \u00e9tat d\u2019esprit des Alg\u00e9riens apr\u00e8s le 22 f\u00e9vrier 2019.<\/p>\n<blockquote readability=\"14\">\n<p><br class=\"autobr\"\/><strong><em><span class=\"c5\">Abdelaziz Rahabi, diplomate et homme politique, lui embo\u00eete le pas. Dans un post sur son compte Facebook, l\u2019ancien ministre estime que \u00ab\u00a0la suspension temporaire des marches, en raison des risques sanitaires av\u00e9r\u00e9s, s\u2019impose d\u00e8s lors comme un devoir national et patriotique\u00a0\u00bb. \u00ab\u00a0Cette mesure participera \u00e0 pr\u00e9server notre pays et notre peuple des graves cons\u00e9quences sur la situation g\u00e9n\u00e9rale de l\u2019Alg\u00e9rie et n\u2019entamera en rien notre droit inali\u00e9nable et permanent \u00e0 manifester librement pour une Alg\u00e9rie plus juste et plus forte\u00a0\u00bb, a-t-il insist\u00e9.<\/span><\/em><\/strong><\/p>\n<\/blockquote>\n<p><br class=\"autobr\"\/><br \/>\nMostefa Bouchachi, figure du hirak qui a brill\u00e9 il y a quelques semaines par sa visite au domicile du leader de l\u2019ex-FIS, Ali Belhadj, a \u00e9galement appel\u00e9 via son compte Facebook \u00e0 suspendre \u00ab\u00a0temporairement les manifestations afin de pr\u00e9server la sant\u00e9 publique et garder au hirak son caract\u00e8re civilisationnel\u00a0\u00bb.<br \/>Sa\u00efd Sadi, ancien chef du RCD, est lui aussi mont\u00e9 au cr\u00e9neau pour plaider la suspension des marches, car \u00ab\u00a0en r\u00e9volution, la raison prime la passion. Pour vivre libre, il faut \u00eatre vivant\u00a0\u00bb.<br \/>Plus direct, le leader actuel du RCD, Mohcine Belabbas, a \u00e9crit sur son compte Facebook\u00a0: \u00ab\u00a0Faire pr\u00e9valoir et prioriser la sant\u00e9 des Alg\u00e9riens est de la responsabilit\u00e9 de tous\u00a0\u00bb.<\/p>\n<p><br class=\"autobr\"\/><br \/>\nM\u00eame appel du c\u00f4t\u00e9 du MSP. Le bureau ex\u00e9cutif pr\u00e9sid\u00e9 par Abderrezak Makri a demand\u00e9 aux Alg\u00e9riens de surseoir aux manifestations du hirak au nom de l\u2019int\u00e9r\u00eat g\u00e9n\u00e9ral du pays qui traverse, \u00e0 l\u2019instar du monde entier, une crise sanitaire sans pr\u00e9c\u00e9dent.<br \/>La journ\u00e9e de vendredi sera v\u00e9ritablement un test non seulement pour le pouvoir politique, mais pour les Alg\u00e9riens eux-m\u00eames.<br \/>La sant\u00e9 publique de tous \u00e9tant en jeu, les appels des apprentis-sorciers \u00e0 l\u2019escalade dans les manifestations pour les g\u00e9n\u00e9raliser durant toute la semaine auront-ils des \u00e9chos positifs aupr\u00e8s de ceux qui risquent d\u2019\u00eatre contamin\u00e9s par le coronavirus, tandis que les meneurs se pr\u00e9lassent dans leurs salons en Europe avec une chance de prise en charge m\u00e9dicale plus importante que celle destin\u00e9e aux Alg\u00e9riens\u00a0?<br \/>Le ralliement de la classe politique et de figures du Hirak aux mots d\u2019ordre de prudence et de report des marches est un signe de maturit\u00e9 et de poursuite du principe pacifique et civilisationnel du Hirak alg\u00e9rien, n\u2019en d\u00e9plaise aux mauvais g\u00e9nies qui hantent la blogosph\u00e8re.<\/p>\n<p>Auteur: Boudjedri<br \/>\n<a href=\"http:\/\/www.jeune-independant.net\/La-pause-du-hirak-une-decision.html\">Cliquez ici pour lire l&rsquo;article depuis sa source.<\/a><\/p>\n","protected":false},"excerpt":{"rendered":"<p>Face \u00e0 l\u2019ampleur de la menace de pand\u00e9mie du coronavirus, les voix de la raison commencent \u00e0 se faire entendre pour appeler les Alg\u00e9riens \u00e0 \u00e9viter les manifestations sur la voie publique. Les quelques desperados qui mart\u00e8lent \u00e0 ceux qui veulent bien les \u00e9couter que le coronavirus serait une \u00ab\u00a0ruse\u00a0\u00bb du pouvoir pour affaiblir, voire [&hellip;]<\/p>\n","protected":false},"author":1737,"featured_media":0,"comment_status":"closed","ping_status":"closed","sticky":false,"template":"","format":"standard","meta":{"fifu_image_url":"","fifu_image_alt":"","footnotes":""},"categories":[73,53],"tags":[],"class_list":["post-79316","post","type-post","status-publish","format-standard","hentry","category-actualite","category-algerie"],"_links":{"self":[{"href":"https:\/\/linitiative.ca\/International\/wp-json\/wp\/v2\/posts\/79316","targetHints":{"allow":["GET"]}}],"collection":[{"href":"https:\/\/linitiative.ca\/International\/wp-json\/wp\/v2\/posts"}],"about":[{"href":"https:\/\/linitiative.ca\/International\/wp-json\/wp\/v2\/types\/post"}],"author":[{"embeddable":true,"href":"https:\/\/linitiative.ca\/International\/wp-json\/wp\/v2\/users\/1737"}],"replies":[{"embeddable":true,"href":"https:\/\/linitiative.ca\/International\/wp-json\/wp\/v2\/comments?post=79316"}],"version-history":[{"count":0,"href":"https:\/\/linitiative.ca\/International\/wp-json\/wp\/v2\/posts\/79316\/revisions"}],"wp:attachment":[{"href":"https:\/\/linitiative.ca\/International\/wp-json\/wp\/v2\/media?parent=79316"}],"wp:term":[{"taxonomy":"category","embeddable":true,"href":"https:\/\/linitiative.ca\/International\/wp-json\/wp\/v2\/categories?post=79316"},{"taxonomy":"post_tag","embeddable":true,"href":"https:\/\/linitiative.ca\/International\/wp-json\/wp\/v2\/tags?post=79316"}],"curies":[{"name":"wp","href":"https:\/\/api.w.org\/{rel}","templated":true}]}}