{"id":79319,"date":"2020-03-17T15:14:39","date_gmt":"2020-03-17T19:14:39","guid":{"rendered":"https:\/\/linitiative.ca\/International\/divers-le-president-tebboune-va-sadresser-ce-mardi-soir-a-la-nation\/"},"modified":"2020-03-17T15:14:39","modified_gmt":"2020-03-17T19:14:39","slug":"divers-le-president-tebboune-va-sadresser-ce-mardi-soir-a-la-nation","status":"publish","type":"post","link":"https:\/\/linitiative.ca\/International\/divers-le-president-tebboune-va-sadresser-ce-mardi-soir-a-la-nation\/","title":{"rendered":"Divers : Le pr\u00e9sident Tebboune va s&rsquo;adresser ce mardi soir \u00e0 la nation"},"content":{"rendered":"<div readability=\"32\">\n<p>Auteur : <span class=\"time\">mardi 17 mars 2020 13:11<\/span><\/p>\n<\/div>\n<div id=\"post_core\" readability=\"35\">\n<p>Abdemadjid Tebboune s\u2019exprimera ce soir lors d\u2019une allocution t\u00e9l\u00e9vis\u00e9e consacr\u00e9e \u00e0 la crise du coronavirus, il va s\u2019exprimer pour la premi\u00e8re fois aux Alg\u00e9riens depuis le d\u00e9but de la crise Covid19 comme l&rsquo;indique Alg\u00e9rie360. Alors que l\u2019\u00e9pid\u00e9mie se propage dans le pays.<\/p>\n<p><strong>Publi\u00e9 dans :<\/strong> <span>algerie<\/span><\/p>\n<\/div>\n<p>Auteur:<br \/>\n<a href=\"http:\/\/www.lebuteur.com\/article\/detail?titre=le-president-tebboune-va-sadresser-ce-mardi-soir-a-la-nation&#038;id=95325&#038;utm_source=feedburner&#038;utm_medium=feed&#038;utm_campaign=Feed%3A+GalerieFArtciles+%28Les+derniers+articles++-+lebuteur.com%29\">Cliquez ici pour lire l&rsquo;article depuis sa source.<\/a><\/p>\n","protected":false},"excerpt":{"rendered":"<p>Auteur : mardi 17 mars 2020 13:11 Abdemadjid Tebboune s\u2019exprimera ce soir lors d\u2019une allocution t\u00e9l\u00e9vis\u00e9e consacr\u00e9e \u00e0 la crise du coronavirus, il va s\u2019exprimer pour la premi\u00e8re fois aux Alg\u00e9riens depuis le d\u00e9but de la crise Covid19 comme l&rsquo;indique Alg\u00e9rie360. Alors que l\u2019\u00e9pid\u00e9mie se propage dans le pays. Publi\u00e9 dans : algerie Auteur: Cliquez [&hellip;]<\/p>\n","protected":false},"author":1738,"featured_media":79320,"comment_status":"closed","ping_status":"closed","sticky":false,"template":"","format":"standard","meta":{"fifu_image_url":"","fifu_image_alt":"","footnotes":""},"categories":[53,75],"tags":[],"class_list":["post-79319","post","type-post","status-publish","format-standard","has-post-thumbnail","hentry","category-algerie","category-sport"],"_links":{"self":[{"href":"https:\/\/linitiative.ca\/International\/wp-json\/wp\/v2\/posts\/79319","targetHints":{"allow":["GET"]}}],"collection":[{"href":"https:\/\/linitiative.ca\/International\/wp-json\/wp\/v2\/posts"}],"about":[{"href":"https:\/\/linitiative.ca\/International\/wp-json\/wp\/v2\/types\/post"}],"author":[{"embeddable":true,"href":"https:\/\/linitiative.ca\/International\/wp-json\/wp\/v2\/users\/1738"}],"replies":[{"embeddable":true,"href":"https:\/\/linitiative.ca\/International\/wp-json\/wp\/v2\/comments?post=79319"}],"version-history":[{"count":0,"href":"https:\/\/linitiative.ca\/International\/wp-json\/wp\/v2\/posts\/79319\/revisions"}],"wp:featuredmedia":[{"embeddable":true,"href":"https:\/\/linitiative.ca\/International\/wp-json\/"}],"wp:attachment":[{"href":"https:\/\/linitiative.ca\/International\/wp-json\/wp\/v2\/media?parent=79319"}],"wp:term":[{"taxonomy":"category","embeddable":true,"href":"https:\/\/linitiative.ca\/International\/wp-json\/wp\/v2\/categories?post=79319"},{"taxonomy":"post_tag","embeddable":true,"href":"https:\/\/linitiative.ca\/International\/wp-json\/wp\/v2\/tags?post=79319"}],"curies":[{"name":"wp","href":"https:\/\/api.w.org\/{rel}","templated":true}]}}