{"id":79323,"date":"2020-03-17T15:14:46","date_gmt":"2020-03-17T19:14:46","guid":{"rendered":"https:\/\/linitiative.ca\/International\/international-luefa-a-pris-sa-decision-pour-leuro-2020\/"},"modified":"2020-03-17T15:14:46","modified_gmt":"2020-03-17T19:14:46","slug":"international-luefa-a-pris-sa-decision-pour-leuro-2020","status":"publish","type":"post","link":"https:\/\/linitiative.ca\/International\/international-luefa-a-pris-sa-decision-pour-leuro-2020\/","title":{"rendered":"International : L&rsquo;UEFA a pris sa d\u00e9cision pour l&rsquo;Euro 2020"},"content":{"rendered":"<div readability=\"32\">\n<p>Auteur : <span class=\"time\">mardi 17 mars 2020 13:33<\/span><\/p>\n<\/div>\n<div id=\"post_core\" readability=\"39\">\n<p>Le morceau est l\u00e2ch\u00e9 par la F\u00e9d\u00e9ration norv\u00e9gienne de football, ce mardi apr\u00e8s-midi. Pr\u00e9sente lors de la vid\u00e9oconf\u00e9rence avec l&rsquo;UEFA et les 54 autres membres de la conf\u00e9d\u00e9ration pour statuer du sort du tournoi continental pr\u00e9vu cet \u00e9t\u00e9 du 12 juin au 12 juillet, l&rsquo;instance norv\u00e9gienne a d&rsquo;ores et d\u00e9j\u00e0 annonc\u00e9 sur son compte Twitter que la comp\u00e9tition serait report\u00e9e en 2021 comme le rapporte foot-national.<\/p>\n<p>D&rsquo;autres informations devraient \u00eatre communiqu\u00e9es dans les minutes suivantes.<\/p>\n<p><strong>Publi\u00e9 dans :<\/strong> <span>UEFA<\/span><\/p>\n<\/div>\n<p>Auteur:<br \/>\n<a href=\"http:\/\/www.lebuteur.com\/article\/detail?titre=luefa-a-pris-sa-decision-pour-leuro-2020&#038;id=95327&#038;utm_source=feedburner&#038;utm_medium=feed&#038;utm_campaign=Feed%3A+GalerieFArtciles+%28Les+derniers+articles++-+lebuteur.com%29\">Cliquez ici pour lire l&rsquo;article depuis sa source.<\/a><\/p>\n","protected":false},"excerpt":{"rendered":"<p>Auteur : mardi 17 mars 2020 13:33 Le morceau est l\u00e2ch\u00e9 par la F\u00e9d\u00e9ration norv\u00e9gienne de football, ce mardi apr\u00e8s-midi. Pr\u00e9sente lors de la vid\u00e9oconf\u00e9rence avec l&rsquo;UEFA et les 54 autres membres de la conf\u00e9d\u00e9ration pour statuer du sort du tournoi continental pr\u00e9vu cet \u00e9t\u00e9 du 12 juin au 12 juillet, l&rsquo;instance norv\u00e9gienne a d&rsquo;ores [&hellip;]<\/p>\n","protected":false},"author":1738,"featured_media":79324,"comment_status":"closed","ping_status":"closed","sticky":false,"template":"","format":"standard","meta":{"fifu_image_url":"","fifu_image_alt":"","footnotes":""},"categories":[53,75],"tags":[],"class_list":["post-79323","post","type-post","status-publish","format-standard","has-post-thumbnail","hentry","category-algerie","category-sport"],"_links":{"self":[{"href":"https:\/\/linitiative.ca\/International\/wp-json\/wp\/v2\/posts\/79323","targetHints":{"allow":["GET"]}}],"collection":[{"href":"https:\/\/linitiative.ca\/International\/wp-json\/wp\/v2\/posts"}],"about":[{"href":"https:\/\/linitiative.ca\/International\/wp-json\/wp\/v2\/types\/post"}],"author":[{"embeddable":true,"href":"https:\/\/linitiative.ca\/International\/wp-json\/wp\/v2\/users\/1738"}],"replies":[{"embeddable":true,"href":"https:\/\/linitiative.ca\/International\/wp-json\/wp\/v2\/comments?post=79323"}],"version-history":[{"count":0,"href":"https:\/\/linitiative.ca\/International\/wp-json\/wp\/v2\/posts\/79323\/revisions"}],"wp:featuredmedia":[{"embeddable":true,"href":"https:\/\/linitiative.ca\/International\/wp-json\/"}],"wp:attachment":[{"href":"https:\/\/linitiative.ca\/International\/wp-json\/wp\/v2\/media?parent=79323"}],"wp:term":[{"taxonomy":"category","embeddable":true,"href":"https:\/\/linitiative.ca\/International\/wp-json\/wp\/v2\/categories?post=79323"},{"taxonomy":"post_tag","embeddable":true,"href":"https:\/\/linitiative.ca\/International\/wp-json\/wp\/v2\/tags?post=79323"}],"curies":[{"name":"wp","href":"https:\/\/api.w.org\/{rel}","templated":true}]}}