{"id":79325,"date":"2020-03-17T15:14:49","date_gmt":"2020-03-17T19:14:49","guid":{"rendered":"https:\/\/linitiative.ca\/International\/international-un-club-anglais-surveille-lorenzo-pellegrini\/"},"modified":"2020-03-17T15:14:49","modified_gmt":"2020-03-17T19:14:49","slug":"international-un-club-anglais-surveille-lorenzo-pellegrini","status":"publish","type":"post","link":"https:\/\/linitiative.ca\/International\/international-un-club-anglais-surveille-lorenzo-pellegrini\/","title":{"rendered":"International : Un club Anglais surveille Lorenzo Pellegrini"},"content":{"rendered":"<div readability=\"32\">\n<p>Auteur : <span class=\"time\">mardi 17 mars 2020 14:30<\/span><\/p>\n<\/div>\n<div id=\"post_core\" readability=\"43\">\n<p>Carlo Ancelotti se tourne beaucoup du c\u00f4t\u00e9 de l\u2019Italie pour obtenir des recrues. Selon Les-Transferts, les Toffees s\u2019int\u00e9resseraient de pr\u00e8s au milieu de terrain, Lorenzo Pellegrini.<\/p>\n<p>Sous contrat jusqu\u2019en juin 2022 avec l\u2019AS Roma, l\u2019international transalpin serait \u00e9galement dans le viseur d\u2019Arsenal et de la Juventus Turin. C\u00f4t\u00e9 terrain, le joueur a inscrit trois buts et d\u00e9livr\u00e9 11 passes d\u00e9cisives en 24 rencontres toutes comp\u00e9titions confondues.<\/p>\n<p><strong>Publi\u00e9 dans :<\/strong> <span>Everton<\/span> <span>Lorenzo Pellegrini<\/span><\/p>\n<\/div>\n<p>Auteur:<br \/>\n<a href=\"http:\/\/www.lebuteur.com\/article\/detail?titre=un-club-anglais-surveille-lorenzo-pellegrini&#038;id=95328&#038;utm_source=feedburner&#038;utm_medium=feed&#038;utm_campaign=Feed%3A+GalerieFArtciles+%28Les+derniers+articles++-+lebuteur.com%29\">Cliquez ici pour lire l&rsquo;article depuis sa source.<\/a><\/p>\n","protected":false},"excerpt":{"rendered":"<p>Auteur : mardi 17 mars 2020 14:30 Carlo Ancelotti se tourne beaucoup du c\u00f4t\u00e9 de l\u2019Italie pour obtenir des recrues. Selon Les-Transferts, les Toffees s\u2019int\u00e9resseraient de pr\u00e8s au milieu de terrain, Lorenzo Pellegrini. Sous contrat jusqu\u2019en juin 2022 avec l\u2019AS Roma, l\u2019international transalpin serait \u00e9galement dans le viseur d\u2019Arsenal et de la Juventus Turin. C\u00f4t\u00e9 [&hellip;]<\/p>\n","protected":false},"author":1738,"featured_media":79326,"comment_status":"closed","ping_status":"closed","sticky":false,"template":"","format":"standard","meta":{"fifu_image_url":"","fifu_image_alt":"","footnotes":""},"categories":[53,75],"tags":[],"class_list":["post-79325","post","type-post","status-publish","format-standard","has-post-thumbnail","hentry","category-algerie","category-sport"],"_links":{"self":[{"href":"https:\/\/linitiative.ca\/International\/wp-json\/wp\/v2\/posts\/79325","targetHints":{"allow":["GET"]}}],"collection":[{"href":"https:\/\/linitiative.ca\/International\/wp-json\/wp\/v2\/posts"}],"about":[{"href":"https:\/\/linitiative.ca\/International\/wp-json\/wp\/v2\/types\/post"}],"author":[{"embeddable":true,"href":"https:\/\/linitiative.ca\/International\/wp-json\/wp\/v2\/users\/1738"}],"replies":[{"embeddable":true,"href":"https:\/\/linitiative.ca\/International\/wp-json\/wp\/v2\/comments?post=79325"}],"version-history":[{"count":0,"href":"https:\/\/linitiative.ca\/International\/wp-json\/wp\/v2\/posts\/79325\/revisions"}],"wp:featuredmedia":[{"embeddable":true,"href":"https:\/\/linitiative.ca\/International\/wp-json\/"}],"wp:attachment":[{"href":"https:\/\/linitiative.ca\/International\/wp-json\/wp\/v2\/media?parent=79325"}],"wp:term":[{"taxonomy":"category","embeddable":true,"href":"https:\/\/linitiative.ca\/International\/wp-json\/wp\/v2\/categories?post=79325"},{"taxonomy":"post_tag","embeddable":true,"href":"https:\/\/linitiative.ca\/International\/wp-json\/wp\/v2\/tags?post=79325"}],"curies":[{"name":"wp","href":"https:\/\/api.w.org\/{rel}","templated":true}]}}