{"id":79332,"date":"2020-03-17T06:30:00","date_gmt":"2020-03-17T10:30:00","guid":{"rendered":"https:\/\/linitiative.ca\/International\/covid-19-un-nouveau-cas-de-deces-en-algerie-ministere\/"},"modified":"2020-03-17T06:30:00","modified_gmt":"2020-03-17T10:30:00","slug":"covid-19-un-nouveau-cas-de-deces-en-algerie-ministere","status":"publish","type":"post","link":"https:\/\/linitiative.ca\/International\/covid-19-un-nouveau-cas-de-deces-en-algerie-ministere\/","title":{"rendered":"COVID-19: Un nouveau cas de d\u00e9c\u00e8s en Alg\u00e9rie  (minist\u00e8re)"},"content":{"rendered":"<div class=\"TxArtcile\" readability=\"21\">\n<div class=\"ImgCapt\"><img loading=\"lazy\" decoding=\"async\" width=\"208\" height=\"208\" src=\"http:\/\/www.elmoudjahid.com\/temp\/fr\/actualite2[150014].jpg\" alt=\"\" \/><span>D.R<\/span><\/div>\n<p>\u00a0\u00ab\u00a0Le minist\u00e8re de la Sant\u00e9 a notifi\u00e9 ce jour, mardi 17 mars 2020, un nouveau d\u00e9c\u00e8s du coronavirus (COVID-19), un homme \u00e2g\u00e9 de 50 ans souffrant de maladie chronique, dans la wilaya de Blida qui \u00e9tait en contact avec le premier cas, pour atteindre un total de cinq (5) d\u00e9c\u00e8s sur un total de 60 cas confirm\u00e9s\u00a0\u00bb, pr\u00e9cise le communiqu\u00e9.Le minist\u00e8re de la Sant\u00e9 a rappel\u00e9 les citoyens au \u00ab\u00a0strict respect des mesures pr\u00e9ventives, notamment, se laver les mains \u00e0 l&rsquo;eau et au savon liquide, ou par friction avec solution hydro-alcoolique. Et en cas de toux ou d&rsquo;\u00e9ternuement, se couvrir la bouche et le nez avec le pli du coude ou un mouchoir en papier \u00e0 usage unique, s&rsquo;en d\u00e9barrasser imm\u00e9diatement apr\u00e8s l&rsquo;utilisation et se laver les mains.Pour plus d&rsquo;informations le minist\u00e8re invite \u00e0 consulter son site web:www.sant\u00e9.gov.dz. (APS)<\/p>\n<\/div>\n<div class=\"ModliArtilUne\">\n<ul>\n<li><strong>Publi\u00e9 dans :<\/strong><\/li>\n<\/ul>\n<\/div>\n<div class=\"MbComIns\" id=\"newcom\" readability=\"5.69402985075\">\n<h6>DONNEZ VOTRE AVIS<\/h6>\n<p>Il n&rsquo;y a actuellement aucune r\u00e9action \u00e0 cette information. Soyez le premier \u00e0 r\u00e9agir !<\/p>\n<p><a href=\"\" rel=\"#popup\" class=\"login resetbutton\">Identifiez-vous<\/a><a class=\"button\" href=\"http:\/\/www.elmoudjahid.com\/fr\/inscription\/\"><span>S&rsquo;inscrire<\/span><\/a><\/p>\n<\/div>\n<p>Auteur: elmoudjahid<br \/>\n<a href=\"http:\/\/www.elmoudjahid.com\/fr\/actualites\/150014\">Cliquez ici pour lire l&rsquo;article depuis sa source.<\/a><\/p>\n","protected":false},"excerpt":{"rendered":"<p>D.R \u00a0\u00ab\u00a0Le minist\u00e8re de la Sant\u00e9 a notifi\u00e9 ce jour, mardi 17 mars 2020, un nouveau d\u00e9c\u00e8s du coronavirus (COVID-19), un homme \u00e2g\u00e9 de 50 ans souffrant de maladie chronique, dans la wilaya de Blida qui \u00e9tait en contact avec le premier cas, pour atteindre un total de cinq (5) d\u00e9c\u00e8s sur un total de [&hellip;]<\/p>\n","protected":false},"author":1744,"featured_media":79333,"comment_status":"closed","ping_status":"closed","sticky":false,"template":"","format":"standard","meta":{"fifu_image_url":"","fifu_image_alt":"","footnotes":""},"categories":[73,53],"tags":[],"class_list":["post-79332","post","type-post","status-publish","format-standard","has-post-thumbnail","hentry","category-actualite","category-algerie"],"_links":{"self":[{"href":"https:\/\/linitiative.ca\/International\/wp-json\/wp\/v2\/posts\/79332","targetHints":{"allow":["GET"]}}],"collection":[{"href":"https:\/\/linitiative.ca\/International\/wp-json\/wp\/v2\/posts"}],"about":[{"href":"https:\/\/linitiative.ca\/International\/wp-json\/wp\/v2\/types\/post"}],"author":[{"embeddable":true,"href":"https:\/\/linitiative.ca\/International\/wp-json\/wp\/v2\/users\/1744"}],"replies":[{"embeddable":true,"href":"https:\/\/linitiative.ca\/International\/wp-json\/wp\/v2\/comments?post=79332"}],"version-history":[{"count":0,"href":"https:\/\/linitiative.ca\/International\/wp-json\/wp\/v2\/posts\/79332\/revisions"}],"wp:featuredmedia":[{"embeddable":true,"href":"https:\/\/linitiative.ca\/International\/wp-json\/"}],"wp:attachment":[{"href":"https:\/\/linitiative.ca\/International\/wp-json\/wp\/v2\/media?parent=79332"}],"wp:term":[{"taxonomy":"category","embeddable":true,"href":"https:\/\/linitiative.ca\/International\/wp-json\/wp\/v2\/categories?post=79332"},{"taxonomy":"post_tag","embeddable":true,"href":"https:\/\/linitiative.ca\/International\/wp-json\/wp\/v2\/tags?post=79332"}],"curies":[{"name":"wp","href":"https:\/\/api.w.org\/{rel}","templated":true}]}}