{"id":79335,"date":"2020-03-17T11:50:00","date_gmt":"2020-03-17T15:50:00","guid":{"rendered":"https:\/\/linitiative.ca\/International\/suspension-de-la-priere-du-vendredi-et-fermeture-des-mosquees\/"},"modified":"2020-03-17T11:50:00","modified_gmt":"2020-03-17T15:50:00","slug":"suspension-de-la-priere-du-vendredi-et-fermeture-des-mosquees","status":"publish","type":"post","link":"https:\/\/linitiative.ca\/International\/suspension-de-la-priere-du-vendredi-et-fermeture-des-mosquees\/","title":{"rendered":"Suspension de la pri\u00e8re du vendredi et fermeture des mosqu\u00e9es"},"content":{"rendered":"<p><br id=\"sep_para_1\" class=\"sep_para access\"\/><\/p>\n<div id=\"para_1\" class=\"para_36000282 resize\">\n<div class=\"texte access firstletter\">Le ministre des Affaires religieuses et des Wakfs, Youcef Belmehdi a annonc\u00e9 mardi la suspension de la pri\u00e8re hebdomadaire du vendredi et la fermeture des mosqu\u00e9es avec le maintien de l&rsquo;appel \u00e0 la pri\u00e8re (El adhan), comme mesures pr\u00e9ventives contre la propagation du Coronavirus. Dans une d\u00e9claration \u00e0 la t\u00e9l\u00e9vision publique, le ministre des Affaires religieuses a fait savoir que la commission de la Fatwa avait tranch\u00e9 la question de l&rsquo;accomplissement des pri\u00e8res dans les mosqu\u00e9es en d\u00e9cidant de \u00ab\u00a0la suspension de la pri\u00e8re du vendredi et les pri\u00e8res collectives, et de la fermeture des mosqu\u00e9es et des lieux de culte \u00e0 travers l&rsquo;ensemble du territoire national\u00a0\u00bb. \u00ab\u00a0Il est imp\u00e9ratif d&rsquo;un point de vue religieux\u00a0\u00bb de prendre les mesures susmentionn\u00e9es en vue de pr\u00e9server les vies des citoyens et \u00ab\u00a0accompagner les mesures fermes prises par l&rsquo;Etat\u00a0\u00bb, a pr\u00e9cis\u00e9 la commission de la Fatwa. Cette mesure intervient \u00e0 la lumi\u00e8re des d\u00e9veloppements pr\u00e9occupants de la propagation du virus,\u00a0 \u00ab\u00a0en vue d&rsquo;\u00e9viter \u00e0 notre pays d&rsquo;atteindre le degr\u00e9 de propagation de la pand\u00e9mie, enregistr\u00e9 dans d&rsquo;autres pays\u00a0\u00bb, a ajout\u00e9 le ministre, affirmant que cette mesure demeurera en vigueur jusqu&rsquo;\u00e0 ce qu&rsquo;Allah l\u00e8ve cette \u00e9preuve. La commission a d\u00e9cid\u00e9 de \u00ab\u00a0pr\u00e9server le rite de l&rsquo;appel \u00e0 la pri\u00e8re\u00a0\u00bb, soulignant, \u00e0 ce propos, la n\u00e9cessit\u00e9 pour tous les citoyens d&rsquo;observer les mesures prises dans ce sens.<\/div>\n<\/div>\n<p>Auteur: R\u00e9flexion<br \/>\n<a href=\"https:\/\/www.reflexiondz.net\/Suspension-de-la-priere-du-vendredi-et-fermeture-des-mosquees_a61351.html\">Cliquez ici pour lire l&rsquo;article depuis sa source.<\/a><\/p>\n","protected":false},"excerpt":{"rendered":"<p>Le ministre des Affaires religieuses et des Wakfs, Youcef Belmehdi a annonc\u00e9 mardi la suspension de la pri\u00e8re hebdomadaire du vendredi et la fermeture des mosqu\u00e9es avec le maintien de l&rsquo;appel \u00e0 la pri\u00e8re (El adhan), comme mesures pr\u00e9ventives contre la propagation du Coronavirus. Dans une d\u00e9claration \u00e0 la t\u00e9l\u00e9vision publique, le ministre des Affaires [&hellip;]<\/p>\n","protected":false},"author":1740,"featured_media":0,"comment_status":"closed","ping_status":"closed","sticky":false,"template":"","format":"standard","meta":{"fifu_image_url":"","fifu_image_alt":"","footnotes":""},"categories":[53,76],"tags":[],"class_list":["post-79335","post","type-post","status-publish","format-standard","hentry","category-algerie","category-regions"],"_links":{"self":[{"href":"https:\/\/linitiative.ca\/International\/wp-json\/wp\/v2\/posts\/79335","targetHints":{"allow":["GET"]}}],"collection":[{"href":"https:\/\/linitiative.ca\/International\/wp-json\/wp\/v2\/posts"}],"about":[{"href":"https:\/\/linitiative.ca\/International\/wp-json\/wp\/v2\/types\/post"}],"author":[{"embeddable":true,"href":"https:\/\/linitiative.ca\/International\/wp-json\/wp\/v2\/users\/1740"}],"replies":[{"embeddable":true,"href":"https:\/\/linitiative.ca\/International\/wp-json\/wp\/v2\/comments?post=79335"}],"version-history":[{"count":0,"href":"https:\/\/linitiative.ca\/International\/wp-json\/wp\/v2\/posts\/79335\/revisions"}],"wp:attachment":[{"href":"https:\/\/linitiative.ca\/International\/wp-json\/wp\/v2\/media?parent=79335"}],"wp:term":[{"taxonomy":"category","embeddable":true,"href":"https:\/\/linitiative.ca\/International\/wp-json\/wp\/v2\/categories?post=79335"},{"taxonomy":"post_tag","embeddable":true,"href":"https:\/\/linitiative.ca\/International\/wp-json\/wp\/v2\/tags?post=79335"}],"curies":[{"name":"wp","href":"https:\/\/api.w.org\/{rel}","templated":true}]}}