{"id":79336,"date":"2020-03-17T11:50:00","date_gmt":"2020-03-17T15:50:00","guid":{"rendered":"https:\/\/linitiative.ca\/International\/bouterfa-noureddine-accuse-officiellement\/"},"modified":"2020-03-17T11:50:00","modified_gmt":"2020-03-17T15:50:00","slug":"bouterfa-noureddine-accuse-officiellement","status":"publish","type":"post","link":"https:\/\/linitiative.ca\/International\/bouterfa-noureddine-accuse-officiellement\/","title":{"rendered":"Bouterfa Noureddine accus\u00e9 officiellement"},"content":{"rendered":"<p><br id=\"sep_para_1\" class=\"sep_para access\"\/><\/p>\n<div id=\"para_1\" class=\"para_36000281 resize\">\n<div class=\"photo shadow left\"><a href=\"javascript:void(0)\" rel=\"https:\/\/www.reflexiondz.net\/photo\/art\/grande\/43731894-36000281.jpg?v=1584472057&amp;ibox\" title=\"Bouterfa Noureddine accus\u00e9 officiellement\"><img decoding=\"async\" class=\"responsive c9\" src=\"https:\/\/www.reflexiondz.net\/photo\/art\/grande\/43731894-36000281.jpg?v=1584472057\" alt=\"Bouterfa Noureddine accus\u00e9 officiellement\" title=\"Bouterfa Noureddine accus\u00e9 officiellement\"\/><img decoding=\"async\" class=\"not-responsive\" src=\"https:\/\/www.reflexiondz.net\/photo\/art\/default\/43731894-36000281.jpg?v=1584472057\" alt=\"Bouterfa Noureddine accus\u00e9 officiellement\" title=\"Bouterfa Noureddine accus\u00e9 officiellement\"\/><\/a><\/div>\n<div class=\"texte access firstletter\">Bouterfa Noureddine, ancien ministre et ancien PDG de la Sonelgaz\u00a0 est officiellement accus\u00e9 dans l\u2019affaire concernant la soci\u00e9t\u00e9 canadienne \u00ab\u00a0SNC LAVALIN\u00a0\u00bb, a-t-on appris d\u2019une source judiciaire. Il est poursuivi pour \u00ab\u00a0acceptation, de fa\u00e7on directe ou indirecte, d&rsquo;indus avantages et leur octroi \u00e0 autrui pour services rendus lors de l&rsquo;exercice de leurs fonctions\u00a0\u00bb et \u00ab\u00a0octroi volontaire \u00e0 autrui de privil\u00e8ges injustifi\u00e9s lors de la conclusion de contrats, d&rsquo;accords, de march\u00e9s et d&rsquo;avenants, contraires aux dispositions l\u00e9gislatives et r\u00e8glementaires, \u00e0 l&rsquo;occasion de la pr\u00e9paration et de l&rsquo;entame de n\u00e9gociations pour la conclusion et l&rsquo;ex\u00e9cution de march\u00e9s publics et de contrats au nom de l&rsquo;Etat et des institutions publiques \u00e9conomiques\u00a0\u00bb. Rappelons que la fille de l\u2019ancien ministre de l\u2019Energie, Nouredine Boutarfa, qui est cadre \u00e0 la Soci\u00e9t\u00e9 nationale Sonatrach avait \u00e9t\u00e9 promue \u00e0 un poste sup\u00e9rieur par ses responsables, selon des indiscr\u00e9tions parvenant de la Soci\u00e9t\u00e9 num\u00e9ro 1 en Alg\u00e9rie. Les responsables de Sonatrach ont cru bien faire pour plaire \u00e0 leur ministre, Nouredine Boutarfa. Mais le ministre en personne a affirm\u00e9 avoir\u00a0 demand\u00e9 \u00e0 sa fille de refuser cette promotion de complaisance car il a jug\u00e9 qu\u2019elle ne la m\u00e9ritait pas, mais plut\u00f4t d\u00e9cid\u00e9e car elle est fille de ministre. En revanche , Bouterfa a emmen\u00e9\u00a0 dans ses bagages au minist\u00e8re plusieurs cadres de la Sonalgaz.\u00a0<\/div>\n<\/div>\n<p>Auteur: R\u00e9flexion<br \/>\n<a href=\"https:\/\/www.reflexiondz.net\/Bouterfa-Noureddine-accuse-officiellement_a61350.html\">Cliquez ici pour lire l&rsquo;article depuis sa source.<\/a><\/p>\n","protected":false},"excerpt":{"rendered":"<p>Bouterfa Noureddine, ancien ministre et ancien PDG de la Sonelgaz\u00a0 est officiellement accus\u00e9 dans l\u2019affaire concernant la soci\u00e9t\u00e9 canadienne \u00ab\u00a0SNC LAVALIN\u00a0\u00bb, a-t-on appris d\u2019une source judiciaire. Il est poursuivi pour \u00ab\u00a0acceptation, de fa\u00e7on directe ou indirecte, d&rsquo;indus avantages et leur octroi \u00e0 autrui pour services rendus lors de l&rsquo;exercice de leurs fonctions\u00a0\u00bb et \u00ab\u00a0octroi volontaire [&hellip;]<\/p>\n","protected":false},"author":1740,"featured_media":0,"comment_status":"closed","ping_status":"closed","sticky":false,"template":"","format":"standard","meta":{"fifu_image_url":"","fifu_image_alt":"","footnotes":""},"categories":[53,76],"tags":[],"class_list":["post-79336","post","type-post","status-publish","format-standard","hentry","category-algerie","category-regions"],"_links":{"self":[{"href":"https:\/\/linitiative.ca\/International\/wp-json\/wp\/v2\/posts\/79336","targetHints":{"allow":["GET"]}}],"collection":[{"href":"https:\/\/linitiative.ca\/International\/wp-json\/wp\/v2\/posts"}],"about":[{"href":"https:\/\/linitiative.ca\/International\/wp-json\/wp\/v2\/types\/post"}],"author":[{"embeddable":true,"href":"https:\/\/linitiative.ca\/International\/wp-json\/wp\/v2\/users\/1740"}],"replies":[{"embeddable":true,"href":"https:\/\/linitiative.ca\/International\/wp-json\/wp\/v2\/comments?post=79336"}],"version-history":[{"count":0,"href":"https:\/\/linitiative.ca\/International\/wp-json\/wp\/v2\/posts\/79336\/revisions"}],"wp:attachment":[{"href":"https:\/\/linitiative.ca\/International\/wp-json\/wp\/v2\/media?parent=79336"}],"wp:term":[{"taxonomy":"category","embeddable":true,"href":"https:\/\/linitiative.ca\/International\/wp-json\/wp\/v2\/categories?post=79336"},{"taxonomy":"post_tag","embeddable":true,"href":"https:\/\/linitiative.ca\/International\/wp-json\/wp\/v2\/tags?post=79336"}],"curies":[{"name":"wp","href":"https:\/\/api.w.org\/{rel}","templated":true}]}}