{"id":79338,"date":"2020-03-17T11:50:00","date_gmt":"2020-03-17T15:50:00","guid":{"rendered":"https:\/\/linitiative.ca\/International\/justice-suspension-des-audiences-aux-tribunaux\/"},"modified":"2020-03-17T11:50:00","modified_gmt":"2020-03-17T15:50:00","slug":"justice-suspension-des-audiences-aux-tribunaux","status":"publish","type":"post","link":"https:\/\/linitiative.ca\/International\/justice-suspension-des-audiences-aux-tribunaux\/","title":{"rendered":"JUSTICE  : Suspension des audiences aux tribunaux"},"content":{"rendered":"<p><br id=\"sep_para_1\" class=\"sep_para access\"\/><\/p>\n<div id=\"para_1\" class=\"para_36000272 resize\">\n<div class=\"texte access firstletter\">Le ministre de la Justice, Garde des sceaux, Belkacem Zeghmati a d\u00e9cid\u00e9 la suspension des audiences des tribunaux criminels et correctionnels en vue de freiner la propagation du Coronavirus, a indiqu\u00e9 lundi un communiqu\u00e9 du minist\u00e8re. \u00ab\u00a0En application des d\u00e9cisions du Pr\u00e9sident de la R\u00e9publique visant \u00e0 prendre les mesures n\u00e9cessaires en vue d&rsquo;endiguer la propagation du Coronavirus, le ministre de la Justice, Garde des sceaux a d\u00e9cid\u00e9 d&rsquo;adresser une note aux juridictions et aux \u00e9tablissements p\u00e9nitentiaires portant des mesures de pr\u00e9caution et de pr\u00e9vention\u00a0\u00bb, a indiqu\u00e9 la m\u00eame source pr\u00e9cisant que \u00ab\u00a0cette mesure prend effet le 17 mars jusqu&rsquo;au 31 mars 2020\u00a0\u00bb. Il s&rsquo;agit de la suspension des audiences des tribunaux criminels de premi\u00e8re instance et d&rsquo;appel mais \u00e9galement des audiences correctionnelles des tribunaux et des cours \u00e0 l&rsquo;exception de celles des personnes en d\u00e9tention dont les affaires ont \u00e9t\u00e9 pr\u00e9c\u00e9demment enr\u00f4l\u00e9es lesquelles se d\u00e9roulent en pr\u00e9sence exclusive des parties et \u00e0 huit clos.\u00a0\u00a0\u00a0<\/div>\n<\/div>\n<p>Auteur: Nadine<br \/>\n<a href=\"https:\/\/www.reflexiondz.net\/JUSTICE-Suspension-des-audiences-aux-tribunaux_a61347.html\">Cliquez ici pour lire l&rsquo;article depuis sa source.<\/a><\/p>\n","protected":false},"excerpt":{"rendered":"<p>Le ministre de la Justice, Garde des sceaux, Belkacem Zeghmati a d\u00e9cid\u00e9 la suspension des audiences des tribunaux criminels et correctionnels en vue de freiner la propagation du Coronavirus, a indiqu\u00e9 lundi un communiqu\u00e9 du minist\u00e8re. \u00ab\u00a0En application des d\u00e9cisions du Pr\u00e9sident de la R\u00e9publique visant \u00e0 prendre les mesures n\u00e9cessaires en vue d&rsquo;endiguer la [&hellip;]<\/p>\n","protected":false},"author":1740,"featured_media":0,"comment_status":"closed","ping_status":"closed","sticky":false,"template":"","format":"standard","meta":{"fifu_image_url":"","fifu_image_alt":"","footnotes":""},"categories":[53,76],"tags":[],"class_list":["post-79338","post","type-post","status-publish","format-standard","hentry","category-algerie","category-regions"],"_links":{"self":[{"href":"https:\/\/linitiative.ca\/International\/wp-json\/wp\/v2\/posts\/79338","targetHints":{"allow":["GET"]}}],"collection":[{"href":"https:\/\/linitiative.ca\/International\/wp-json\/wp\/v2\/posts"}],"about":[{"href":"https:\/\/linitiative.ca\/International\/wp-json\/wp\/v2\/types\/post"}],"author":[{"embeddable":true,"href":"https:\/\/linitiative.ca\/International\/wp-json\/wp\/v2\/users\/1740"}],"replies":[{"embeddable":true,"href":"https:\/\/linitiative.ca\/International\/wp-json\/wp\/v2\/comments?post=79338"}],"version-history":[{"count":0,"href":"https:\/\/linitiative.ca\/International\/wp-json\/wp\/v2\/posts\/79338\/revisions"}],"wp:attachment":[{"href":"https:\/\/linitiative.ca\/International\/wp-json\/wp\/v2\/media?parent=79338"}],"wp:term":[{"taxonomy":"category","embeddable":true,"href":"https:\/\/linitiative.ca\/International\/wp-json\/wp\/v2\/categories?post=79338"},{"taxonomy":"post_tag","embeddable":true,"href":"https:\/\/linitiative.ca\/International\/wp-json\/wp\/v2\/tags?post=79338"}],"curies":[{"name":"wp","href":"https:\/\/api.w.org\/{rel}","templated":true}]}}