{"id":79339,"date":"2020-03-17T11:50:00","date_gmt":"2020-03-17T15:50:00","guid":{"rendered":"https:\/\/linitiative.ca\/International\/el-tarf-300-millions-de-centimes-voles-dans-un-bureau-de-poste\/"},"modified":"2020-03-17T11:50:00","modified_gmt":"2020-03-17T15:50:00","slug":"el-tarf-300-millions-de-centimes-voles-dans-un-bureau-de-poste","status":"publish","type":"post","link":"https:\/\/linitiative.ca\/International\/el-tarf-300-millions-de-centimes-voles-dans-un-bureau-de-poste\/","title":{"rendered":"EL TARF : 300 millions  de centimes vol\u00e9s dans un bureau de Poste"},"content":{"rendered":"<p><br id=\"sep_para_1\" class=\"sep_para access\"\/><\/p>\n<div id=\"para_1\" class=\"para_36000273 resize\">\n<div class=\"texte access firstletter\">Un groupe de trois personnes a cambriol\u00e9 un bureau de poste \u00e0 l\u2019Est alg\u00e9rien. Le hold-up, qui s\u2019est d\u00e9roul\u00e9 au niveau de la wilaya d\u2019El Tarf, s\u2019est sold\u00e9 par le vol d\u2019environ 300 millions de centimes, a rapport\u00e9 le quotidien arabophone Ennahar. En effet,\u00a0 les faits ont eu lieu dans la commune frontali\u00e8re de Hammam B\u00e9ni Salah, dans la wilaya d\u2019El Tarf, au Nord-Est de l\u2019Alg\u00e9rie. D\u2019apr\u00e8s la m\u00eame source, le vol a \u00e9t\u00e9 perp\u00e9tr\u00e9 par trois individus cagoul\u00e9s. Ces derniers se sont pr\u00e9sent\u00e9s devant le bureau de poste de la ville \u00e0 bord d\u2019un v\u00e9hicule de marque allemande immatricul\u00e9 \u00e0 Oran. Ils se sont, par la suite, introduits \u00e0 l\u2019int\u00e9rieur de la poste. Profitant de l\u2019absence des usagers, ils agressent le seul employ\u00e9 de l\u2019\u00e9tablissement avant de s\u2019emparer de la somme de 300 millions de centimes. Aussit\u00f4t le vol accompli, les auteurs de ce hold-up ont tent\u00e9 de prendre la fuite \u00e0 bord de leur v\u00e9hicule. N\u00e9anmoins, les citoyens de la ville sont parvenus \u00e0 arr\u00eater deux des assaillants, tandis que le troisi\u00e8me s\u2019est enfui \u00e0 bord du v\u00e9hicule. Mais on apprend que les \u00e9l\u00e9ments de la Gendarmerie ont r\u00e9ussi \u00e0 l\u2019attraper apr\u00e8s une poursuite qui s\u2019est sold\u00e9e par le renversement du v\u00e9hicule. Arr\u00eat\u00e9s, les trois individus seront pr\u00e9sent\u00e9s par devant le procureur de la R\u00e9publique de la wilaya d\u2019El Tarf \u00e0 l\u2019issue de l\u2019enqu\u00eate pr\u00e9liminaire. Il convient de noter que l\u2019employ\u00e9 agress\u00e9 est l\u00e9g\u00e8rement bless\u00e9. Transport\u00e9 \u00e0 la polyclinique, il a re\u00e7u les soins n\u00e9cessaires. Quant \u00e0 la somme d\u2019argent vol\u00e9e, elle a \u00e9t\u00e9 r\u00e9cup\u00e9r\u00e9e et restitu\u00e9e au bureau de poste.\u00a0\u00a0\u00a0<\/div>\n<\/div>\n<p>Auteur: Nadine<br \/>\n<a href=\"https:\/\/www.reflexiondz.net\/EL-TARF-300-millions-de-centimes-voles-dans-un-bureau-de-Poste_a61348.html\">Cliquez ici pour lire l&rsquo;article depuis sa source.<\/a><\/p>\n","protected":false},"excerpt":{"rendered":"<p>Un groupe de trois personnes a cambriol\u00e9 un bureau de poste \u00e0 l\u2019Est alg\u00e9rien. Le hold-up, qui s\u2019est d\u00e9roul\u00e9 au niveau de la wilaya d\u2019El Tarf, s\u2019est sold\u00e9 par le vol d\u2019environ 300 millions de centimes, a rapport\u00e9 le quotidien arabophone Ennahar. En effet,\u00a0 les faits ont eu lieu dans la commune frontali\u00e8re de Hammam [&hellip;]<\/p>\n","protected":false},"author":1740,"featured_media":0,"comment_status":"closed","ping_status":"closed","sticky":false,"template":"","format":"standard","meta":{"fifu_image_url":"","fifu_image_alt":"","footnotes":""},"categories":[53,76],"tags":[],"class_list":["post-79339","post","type-post","status-publish","format-standard","hentry","category-algerie","category-regions"],"_links":{"self":[{"href":"https:\/\/linitiative.ca\/International\/wp-json\/wp\/v2\/posts\/79339","targetHints":{"allow":["GET"]}}],"collection":[{"href":"https:\/\/linitiative.ca\/International\/wp-json\/wp\/v2\/posts"}],"about":[{"href":"https:\/\/linitiative.ca\/International\/wp-json\/wp\/v2\/types\/post"}],"author":[{"embeddable":true,"href":"https:\/\/linitiative.ca\/International\/wp-json\/wp\/v2\/users\/1740"}],"replies":[{"embeddable":true,"href":"https:\/\/linitiative.ca\/International\/wp-json\/wp\/v2\/comments?post=79339"}],"version-history":[{"count":0,"href":"https:\/\/linitiative.ca\/International\/wp-json\/wp\/v2\/posts\/79339\/revisions"}],"wp:attachment":[{"href":"https:\/\/linitiative.ca\/International\/wp-json\/wp\/v2\/media?parent=79339"}],"wp:term":[{"taxonomy":"category","embeddable":true,"href":"https:\/\/linitiative.ca\/International\/wp-json\/wp\/v2\/categories?post=79339"},{"taxonomy":"post_tag","embeddable":true,"href":"https:\/\/linitiative.ca\/International\/wp-json\/wp\/v2\/tags?post=79339"}],"curies":[{"name":"wp","href":"https:\/\/api.w.org\/{rel}","templated":true}]}}