{"id":79340,"date":"2020-03-17T10:29:00","date_gmt":"2020-03-17T14:29:00","guid":{"rendered":"https:\/\/linitiative.ca\/International\/virus-la-tunisie-a-besoin-de-100-milliards-de-dinars\/"},"modified":"2020-03-17T10:29:00","modified_gmt":"2020-03-17T14:29:00","slug":"virus-la-tunisie-a-besoin-de-100-milliards-de-dinars","status":"publish","type":"post","link":"https:\/\/linitiative.ca\/International\/virus-la-tunisie-a-besoin-de-100-milliards-de-dinars\/","title":{"rendered":"Virus: la Tunisie a besoin de 100 milliards de dinars!"},"content":{"rendered":"<p>L&rsquo;Etat fran\u00e7ais a annonc\u00e9 haut et fort qu\u2019il prendra \u00e0 sa charge <span class=\"c2\"><strong>tous les frais<\/strong><\/span> de toutes les entreprises (quelle que soit leur taille) et de tous les travailleurs ind\u00e9pendants mis au ch\u00f4mage forc\u00e9 : salaires, factures, avec des garanties bancaires, report des taxes, imp\u00f4ts, cotisations&#8230; effacement des p\u00e9nalit\u00e9s&#8230; L&rsquo;Etat fran\u00e7ais est mobilis\u00e9 \u00e0 100% au sommet. Pour soutenir tous les citoyens et tous les agents \u00e9conomiques&#8230; Co\u00fbt pr\u00e9visible : plus de 500 milliards d&rsquo;euros, soit l&rsquo;\u00e9quivalent de 2 budgets annuels de l&rsquo;Etat fran\u00e7ais (250 milliards \u00e9taient programm\u00e9s pour 2020) ou de 25% du PIB annuel(valeur de la production de tout le pays, qui est estim\u00e9e \u00e0 2 500 milliards d&rsquo;euros).<\/p>\n<p>A comparer avec la Tunisie : hier, le gouvernement s&rsquo;est r\u00e9uni \u00ab\u00a0en crise\u00a0\u00bb sous la direction du&#8230; Chef de Cabinet du Chef de gouvernement Fakhfakh, r\u00e9union pr\u00e9paratoire de la r\u00e9union pr\u00e9sid\u00e9e elle-m\u00eame par Fakhfakh. Donc, deux r\u00e9unions qui d\u00e9bouchent sur peu de choses. Aucune mesure financi\u00e8re pr\u00e9cise n&rsquo;a \u00e9t\u00e9 annonc\u00e9e&#8230; sauf trois d\u00e9cisions: fermeture des fronti\u00e8res, interdiction des rassemblements publics et r\u00e9duction de la dur\u00e9e du travail \u00e0 5 h par jour\u2026 dans les secteurs public et priv\u00e9. Rien sur les compensations du manque \u00e0 gagner. Mais si\u2026 : il a promis aux citoyens et aux agents \u00e9conomiques que l\u2019Etat va \u00e9tudier \u00ab la situation \u00bb afin de pour prendre les mesures n\u00e9cessaires\u2026 Quand ? Rien de pr\u00e9cis\u2026 alors qu\u2019il y a urgence pour rassurer tout le monde\u2026<\/p>\n<p>Le PIB de la Tunisie est de l&rsquo;ordre 40 milliards d&rsquo;euros et le Budget de l&rsquo;Etat de l&rsquo;ordre de 15 milliards d&rsquo;euros (47 milliards de dinars pr\u00e9vus pour 2020). Si on suit l&rsquo;exemple d&rsquo;un pays <span class=\"c2\"><strong>normal<\/strong><\/span>, l&rsquo;effort financier de l&rsquo;Etat tunisien pour aider les citoyens et les entreprises, l\u2019effort doit s&rsquo;\u00e9lever \u00e0 100 milliards de dinars&#8230; pour faire face \u00e0 toutes les cons\u00e9quences \u00e9conomiques et sociales du virus pendant les deux ou trois mois \u00e0 venir.<\/p>\n<p><img decoding=\"async\" src=\"\/uploads\/FCK_files\/Captur-1.jpg\" alt=\"\" width=\"100%\" vspace=\"5\" hspace=\"5\" align=\"middle\"\/><\/p>\n<p>\u00abEch&rsquo;Chaab Yourid\u00bb, slogan moulte fois r\u00e9p\u00e9t\u00e9 et entendu. Mais notre pr\u00e9sident de la R\u00e9publique que fait-il ? Son site web (<a href=\"http:\/\/www.carthage.tn\" target=\"_blank\" rel=\"noopener noreferrer\">http:\/\/www.carthage.tn<\/a>) est muet. Voir capture d\u2019\u00e9cran ce jour \u00e0 13h26. La derni\u00e8re activit\u00e9 pr\u00e9sidentielle mentionn\u00e9e date du 12 mars\u2026<\/p>\n<p class=\"c3\"><strong>Samir Gharbi<\/strong><\/p>\n<p>P.S. 1 : quand vous cliquez sur le portail du gouvernement (<a href=\"http:\/\/www.tunisie.gov.tn\/\" target=\"_blank\" rel=\"noopener noreferrer\">http:\/\/www.tunisie.gov.tn\/<\/a>) vous tombez sur cette page (capture 2)<\/p>\n<p><img decoding=\"async\" src=\"\/uploads\/FCK_files\/Captur-2.jpg\" alt=\"\" width=\"100%\" vspace=\"5\" hspace=\"5\" align=\"middle\"\/><\/p>\n<p>P.S. 2 : quand vous cliquez sur \u00ab Tout savoir\u2026 \u00bb, vous avez cette page en anglais (copier coller de Chine) \u2013 Lisez en haut et \u00e0 gauche : \u00abretour-chine-v-ar.pdf\u00bb (capture 3)<\/p>\n<p><img decoding=\"async\" src=\"\/uploads\/FCK_files\/Captur-3.jpg\" alt=\"\" width=\"100%\" vspace=\"5\" hspace=\"5\" align=\"middle\"\/><br \/><strong>Lire aussi<\/strong><\/p>\n<p><a href=\"https:\/\/www.leaders.com.tn\/article\/29381-confusion-a-la-kasbah-fathi-touzri-en-super-vice-chef-de-gouvernement\" target=\"_blank\" rel=\"noopener noreferrer\">Confusion \u00e0 la Kasbah : Fathi Touzri en super vice-chef de gouvernement ?<\/a><\/p>\n<p>Auteur:<br \/>\n<a href=\"https:\/\/www.leaders.com.tn\/article\/29384-virus-la-tunisien-a-besoin-de-100-milliards-de-dinars\">Cliquez ici pour lire l&rsquo;article depuis sa source.<\/a><\/p>\n","protected":false},"excerpt":{"rendered":"<p>L&rsquo;Etat fran\u00e7ais a annonc\u00e9 haut et fort qu\u2019il prendra \u00e0 sa charge tous les frais de toutes les entreprises (quelle que soit leur taille) et de tous les travailleurs ind\u00e9pendants mis au ch\u00f4mage forc\u00e9 : salaires, factures, avec des garanties bancaires, report des taxes, imp\u00f4ts, cotisations&#8230; effacement des p\u00e9nalit\u00e9s&#8230; L&rsquo;Etat fran\u00e7ais est mobilis\u00e9 \u00e0 100% [&hellip;]<\/p>\n","protected":false},"author":1772,"featured_media":79341,"comment_status":"closed","ping_status":"closed","sticky":false,"template":"","format":"standard","meta":{"fifu_image_url":"","fifu_image_alt":"","footnotes":""},"categories":[73,55],"tags":[],"class_list":["post-79340","post","type-post","status-publish","format-standard","has-post-thumbnail","hentry","category-actualite","category-tunisie"],"_links":{"self":[{"href":"https:\/\/linitiative.ca\/International\/wp-json\/wp\/v2\/posts\/79340","targetHints":{"allow":["GET"]}}],"collection":[{"href":"https:\/\/linitiative.ca\/International\/wp-json\/wp\/v2\/posts"}],"about":[{"href":"https:\/\/linitiative.ca\/International\/wp-json\/wp\/v2\/types\/post"}],"author":[{"embeddable":true,"href":"https:\/\/linitiative.ca\/International\/wp-json\/wp\/v2\/users\/1772"}],"replies":[{"embeddable":true,"href":"https:\/\/linitiative.ca\/International\/wp-json\/wp\/v2\/comments?post=79340"}],"version-history":[{"count":0,"href":"https:\/\/linitiative.ca\/International\/wp-json\/wp\/v2\/posts\/79340\/revisions"}],"wp:featuredmedia":[{"embeddable":true,"href":"https:\/\/linitiative.ca\/International\/wp-json\/"}],"wp:attachment":[{"href":"https:\/\/linitiative.ca\/International\/wp-json\/wp\/v2\/media?parent=79340"}],"wp:term":[{"taxonomy":"category","embeddable":true,"href":"https:\/\/linitiative.ca\/International\/wp-json\/wp\/v2\/categories?post=79340"},{"taxonomy":"post_tag","embeddable":true,"href":"https:\/\/linitiative.ca\/International\/wp-json\/wp\/v2\/tags?post=79340"}],"curies":[{"name":"wp","href":"https:\/\/api.w.org\/{rel}","templated":true}]}}