{"id":79342,"date":"2020-03-17T11:54:00","date_gmt":"2020-03-17T15:54:00","guid":{"rendered":"https:\/\/linitiative.ca\/International\/lordre-des-experts-comptables-de-tunisie-demande-le-report-de-la-date-limite-pour-le-depot-des-declarations-fiscales\/"},"modified":"2020-03-17T11:54:00","modified_gmt":"2020-03-17T15:54:00","slug":"lordre-des-experts-comptables-de-tunisie-demande-le-report-de-la-date-limite-pour-le-depot-des-declarations-fiscales","status":"publish","type":"post","link":"https:\/\/linitiative.ca\/International\/lordre-des-experts-comptables-de-tunisie-demande-le-report-de-la-date-limite-pour-le-depot-des-declarations-fiscales\/","title":{"rendered":"L\u2019Ordre des Experts comptables de Tunisie demande le report de la date limite pour le d\u00e9p\u00f4t des d\u00e9clarations fiscales"},"content":{"rendered":"<p>Le conseil de l\u2019Ordre des Experts comptables de Tunisie a demand\u00e9 au ministre des Finances de reporter la date limite pour le d\u00e9p\u00f4t des d\u00e9clarations fiscales mensuelles et annuelle. Il attend la d\u00e9cision qui sera r\u00e9serv\u00e9e \u00e0 cette requ\u00eate urgente et justifi\u00e9e. Dans un communiqu\u00e9 sign\u00e9 par son pr\u00e9sident, Slaheddine Zahaf, il a invit\u00e9 ses membres ainsi que leurs collaborateurs \u00e0 observer les mesures prudentielles suivantes :<\/p>\n<ul>\n<li>fermeture des cabinets en se limitant au t\u00e9l\u00e9travail \u00e0 partir du domicile,<\/li>\n<li>annulation de toutes les r\u00e9unions avec les clients,<\/li>\n<li>\u00e9change des donn\u00e9es, de quelque nature que ce soit, uniquement par internet, sans la moindre manipulation de documents physiques.<\/li>\n<\/ul>\n<p>Le conseil de l\u2019Ordre a rappel\u00e9 qu\u2019en d\u00e9pit de leur importance, les prestations servies \u00e0 la client\u00e8le et \u00e0 l\u2019\u00e9conomie nationale, y compris l\u2019\u00e9tablissement des \u00e9tats financiers annuels et des d\u00e9clarations fiscales, elles demeurent secondaires par rapport \u00e0 la pr\u00e9servation de la sant\u00e9 des Tunisiens. Il a exhort\u00e9 ses membres \u00e0 prendre toutes les pr\u00e9cautions appropri\u00e9es pour endiguer la propagation de la pand\u00e9mie et \u00e0 observer les consignes en la mati\u00e8re. Le conseil estime que la situation est tr\u00e8s pr\u00e9occupante, esp\u00e9rant que tous les intervenants se hissent au niveau de leur responsabilit\u00e9 et \u0153uvrer \u00e0 prot\u00e9ger la sant\u00e9 de tous.<\/p>\n<p>Auteur:<br \/>\n<a href=\"https:\/\/www.leaders.com.tn\/article\/29386-l-ordre-des-experts-comptables-de-tunisie-demande-le-report-de-la-date-limite-pour-le-depot-des-declarations-fiscales\">Cliquez ici pour lire l&rsquo;article depuis sa source.<\/a><\/p>\n","protected":false},"excerpt":{"rendered":"<p>Le conseil de l\u2019Ordre des Experts comptables de Tunisie a demand\u00e9 au ministre des Finances de reporter la date limite pour le d\u00e9p\u00f4t des d\u00e9clarations fiscales mensuelles et annuelle. Il attend la d\u00e9cision qui sera r\u00e9serv\u00e9e \u00e0 cette requ\u00eate urgente et justifi\u00e9e. Dans un communiqu\u00e9 sign\u00e9 par son pr\u00e9sident, Slaheddine Zahaf, il a invit\u00e9 ses [&hellip;]<\/p>\n","protected":false},"author":1772,"featured_media":0,"comment_status":"closed","ping_status":"closed","sticky":false,"template":"","format":"standard","meta":{"fifu_image_url":"","fifu_image_alt":"","footnotes":""},"categories":[73,55],"tags":[],"class_list":["post-79342","post","type-post","status-publish","format-standard","hentry","category-actualite","category-tunisie"],"_links":{"self":[{"href":"https:\/\/linitiative.ca\/International\/wp-json\/wp\/v2\/posts\/79342","targetHints":{"allow":["GET"]}}],"collection":[{"href":"https:\/\/linitiative.ca\/International\/wp-json\/wp\/v2\/posts"}],"about":[{"href":"https:\/\/linitiative.ca\/International\/wp-json\/wp\/v2\/types\/post"}],"author":[{"embeddable":true,"href":"https:\/\/linitiative.ca\/International\/wp-json\/wp\/v2\/users\/1772"}],"replies":[{"embeddable":true,"href":"https:\/\/linitiative.ca\/International\/wp-json\/wp\/v2\/comments?post=79342"}],"version-history":[{"count":0,"href":"https:\/\/linitiative.ca\/International\/wp-json\/wp\/v2\/posts\/79342\/revisions"}],"wp:attachment":[{"href":"https:\/\/linitiative.ca\/International\/wp-json\/wp\/v2\/media?parent=79342"}],"wp:term":[{"taxonomy":"category","embeddable":true,"href":"https:\/\/linitiative.ca\/International\/wp-json\/wp\/v2\/categories?post=79342"},{"taxonomy":"post_tag","embeddable":true,"href":"https:\/\/linitiative.ca\/International\/wp-json\/wp\/v2\/tags?post=79342"}],"curies":[{"name":"wp","href":"https:\/\/api.w.org\/{rel}","templated":true}]}}