{"id":79343,"date":"2020-03-17T12:56:00","date_gmt":"2020-03-17T16:56:00","guid":{"rendered":"https:\/\/linitiative.ca\/International\/laject-propose-11-mesures-durgence-en-soutien-aux-entreprises-tunisiennes-et-a-leconomie-nationale\/"},"modified":"2020-03-17T12:56:00","modified_gmt":"2020-03-17T16:56:00","slug":"laject-propose-11-mesures-durgence-en-soutien-aux-entreprises-tunisiennes-et-a-leconomie-nationale","status":"publish","type":"post","link":"https:\/\/linitiative.ca\/International\/laject-propose-11-mesures-durgence-en-soutien-aux-entreprises-tunisiennes-et-a-leconomie-nationale\/","title":{"rendered":"L\u2019AJECT propose 11 mesures d\u2019urgence en soutien aux entreprises tunisiennes et \u00e0 l\u2019\u00e9conomie nationale"},"content":{"rendered":"<p>L\u2019Association des Jeunes Experts Comptables de Tunisie \u00ab\u00a0AJECT\u00a0\u00bb, a invit\u00e9 le gouvernement tunisien \u00e0 prendre des d\u00e9cisions urgentes visant le soutien et l&rsquo;accompagnement \u00e9conomique et financier notamment pour les PME, qui seront directement affect\u00e9es par cette crise sans pr\u00e9c\u00e9dente. Il s\u2019agit, selon un communiqu\u00e9 sign\u00e9 par son pr\u00e9sident, Ali Goddi, des 11 actions suivantes :<\/p>\n<p><span class=\"c2\"><strong>1)<\/strong><\/span> Report des \u00e9ch\u00e9ances des d\u00e9clarations fiscales et sociales du mois de Mars et celles du deuxi\u00e8me trimestre 2020 pour une r\u00e9gularisation \u00e0 partir du troisi\u00e8me et quatri\u00e8me trimestre 2020 ;<\/p>\n<p><span class=\"c2\"><strong>2)<\/strong><\/span> Report du d\u00e9lai maximum de r\u00e9union de Assembl\u00e9es annuelles pr\u00e9vu le 30 Juin par le Code des soci\u00e9t\u00e9s commerciales jusqu\u2019au la fin de l\u2019ann\u00e9e 2020 ;<\/p>\n<p><span class=\"c2\"><strong>3)<\/strong><\/span> Application d\u2019une exon\u00e9ration int\u00e9grale des charges fiscales et sociales, au titre de l\u2019ann\u00e9e 2020, pour tout le dispositif d\u2019indemnisation du ch\u00f4mage pour des raisons \u00e9conomiques et pr\u00e9voir des mesures de simplification des proc\u00e9dures ;<\/p>\n<p><span class=\"c2\"><strong>4)<\/strong><\/span> Remboursement imm\u00e9diat de 50% des cr\u00e9dits de TVA et d\u2019Imp\u00f4ts pour les demandes d\u00e9pos\u00e9es courant le deuxi\u00e8me et troisi\u00e8me trimestre 2020 qui constituent des avances d\u00e9j\u00e0 pay\u00e9es par les entreprises au profit du tr\u00e9sor ;<\/p>\n<p><span class=\"c2\"><strong>5)<\/strong><\/span> Report de paiement des \u00e9ch\u00e9ances de cr\u00e9dits gestion et d\u2019investissement des \u00e9tablissements de cr\u00e9dits ou des institution de micro-finance, accord\u00e9s aux entreprises personnes physiques ou morales, au titre du 2\u00e8me trimestre 2020 ;<\/p>\n<p><span class=\"c2\"><strong>6)<\/strong><\/span> Prise en charge d\u2019une partie des int\u00e9r\u00eats sur les cr\u00e9dits gestion et d\u2019investissement des \u00e9tablissements de cr\u00e9dits ou des institutions de micro-finance accord\u00e9s aux entreprises personnes physiques ou morales, au titre du 2\u00e8me trimestre 2020 accompagn\u00e9e d\u2019une diminution du taux directeur de la Banque Centrale de 100 \u00e0 200 points ;<\/p>\n<p><span class=\"c2\"><strong>7)<\/strong><\/span> Mettre en place, au titre du 2\u00e8me trimestre 2020, une ligne de garantie par l\u2019Etat adoss\u00e9e \u00e0 l\u2019octroi des cr\u00e9dits de gestion accord\u00e9s aux entreprises personnes physiques ou morales avec un maximum de 500 000 DT. Le taux d\u2019int\u00e9r\u00eat de ces cr\u00e9dits sera bonifi\u00e9 \u00e0 un taux z\u00e9ro ;<\/p>\n<p><span class=\"c2\"><strong>8)<\/strong><\/span> Incitation des \u00e9tablissements financiers \u00e0 mettre \u00e0 la disposition de leurs clients des acc\u00e8s gratuits aux services \u00e0 distance et privil\u00e9gier les op\u00e9rations et transactions financi\u00e8res en ligne ;<\/p>\n<p><span class=\"c2\"><strong>9)<\/strong><\/span> Suspension des transactions boursi\u00e8res pendant une dur\u00e9e minimale de 15 jours afin d\u2019\u00e9viter l\u2019effondrement des cours boursiers ;<\/p>\n<p><span class=\"c2\"><strong>10)<\/strong><\/span> Sensibilisation, facilitation et octroi des incitations sur le recours au T\u00e9l\u00e9travail dans le secteur public et priv\u00e9, au titre du 2\u00e8me trimestre 2020, en accordant des remises exceptionnelles (sup\u00e9rieur \u00e0 50%) sur les ventes d\u2019abonnement en ADSL, 4G et les solutions informatiques d\u00e9di\u00e9es ;<\/p>\n<p><span class=\"c2\"><strong>11)<\/strong><\/span> Mise en place, \u00e0 la pr\u00e9sidence du Gouvernement, d\u2019une \u00ab Cellule de crise \u00e9conomique \u00bb compos\u00e9e des experts et des comp\u00e9tences publiques et priv\u00e9es, pour accomplir un suivi permanent et rigoureux de la situation \u00e9conomique ainsi que des Entreprises visant \u00e0 pr\u00e9coniser des aides et des solutions efficaces et efficientes.<\/p>\n<p>Auteur:<br \/>\n<a href=\"https:\/\/www.leaders.com.tn\/article\/29387-l-aject-propose-11-mesures-d-urgence-en-soutien-aux-entreprises-tunisiennes-et-a-l-economie-nationale\">Cliquez ici pour lire l&rsquo;article depuis sa source.<\/a><\/p>\n","protected":false},"excerpt":{"rendered":"<p>L\u2019Association des Jeunes Experts Comptables de Tunisie \u00ab\u00a0AJECT\u00a0\u00bb, a invit\u00e9 le gouvernement tunisien \u00e0 prendre des d\u00e9cisions urgentes visant le soutien et l&rsquo;accompagnement \u00e9conomique et financier notamment pour les PME, qui seront directement affect\u00e9es par cette crise sans pr\u00e9c\u00e9dente. Il s\u2019agit, selon un communiqu\u00e9 sign\u00e9 par son pr\u00e9sident, Ali Goddi, des 11 actions suivantes : [&hellip;]<\/p>\n","protected":false},"author":1772,"featured_media":0,"comment_status":"closed","ping_status":"closed","sticky":false,"template":"","format":"standard","meta":{"fifu_image_url":"","fifu_image_alt":"","footnotes":""},"categories":[73,55],"tags":[],"class_list":["post-79343","post","type-post","status-publish","format-standard","hentry","category-actualite","category-tunisie"],"_links":{"self":[{"href":"https:\/\/linitiative.ca\/International\/wp-json\/wp\/v2\/posts\/79343","targetHints":{"allow":["GET"]}}],"collection":[{"href":"https:\/\/linitiative.ca\/International\/wp-json\/wp\/v2\/posts"}],"about":[{"href":"https:\/\/linitiative.ca\/International\/wp-json\/wp\/v2\/types\/post"}],"author":[{"embeddable":true,"href":"https:\/\/linitiative.ca\/International\/wp-json\/wp\/v2\/users\/1772"}],"replies":[{"embeddable":true,"href":"https:\/\/linitiative.ca\/International\/wp-json\/wp\/v2\/comments?post=79343"}],"version-history":[{"count":0,"href":"https:\/\/linitiative.ca\/International\/wp-json\/wp\/v2\/posts\/79343\/revisions"}],"wp:attachment":[{"href":"https:\/\/linitiative.ca\/International\/wp-json\/wp\/v2\/media?parent=79343"}],"wp:term":[{"taxonomy":"category","embeddable":true,"href":"https:\/\/linitiative.ca\/International\/wp-json\/wp\/v2\/categories?post=79343"},{"taxonomy":"post_tag","embeddable":true,"href":"https:\/\/linitiative.ca\/International\/wp-json\/wp\/v2\/tags?post=79343"}],"curies":[{"name":"wp","href":"https:\/\/api.w.org\/{rel}","templated":true}]}}