{"id":79344,"date":"2020-03-17T13:00:00","date_gmt":"2020-03-17T17:00:00","guid":{"rendered":"https:\/\/linitiative.ca\/International\/boujemaa-remili-je-sors-lartillerie-lourde\/"},"modified":"2020-03-17T13:00:00","modified_gmt":"2020-03-17T17:00:00","slug":"boujemaa-remili-je-sors-lartillerie-lourde","status":"publish","type":"post","link":"https:\/\/linitiative.ca\/International\/boujemaa-remili-je-sors-lartillerie-lourde\/","title":{"rendered":"Boujemaa Remili: Je sors l\u2019artillerie lourde!"},"content":{"rendered":"<p>Coronavirus \u00e0 part, et consid\u00e9rant que des Tunisiens survivront, et poursuivront la vie, le d\u00e9bat national, sous toutes ses coutures et surtout pour la phase post-14 janvier, continue \u00e0 p\u00eacher par grosse insatisfaction.<\/p>\n<p>L\u2019essentiel nous \u00e9chappe chaque fois que nous tentons de nous en approcher. De quel type d\u2019Etat avons-nous besoin ? Quel genre d\u2019\u00e9conomie nous faudrait-il ? Qu\u2019est-ce-qui nous manque le plus : une union d\u00e9mocratique, sociale, populaire ou nationale ? Les tendances \u00e0 l\u2019internationalisation arabe, islamique ou pro-occidentale ou \u00e0 la particularisation identitaire, sociologique ou territoriale, sont-elles des menaces \u00e0 la coh\u00e9sion nationale ou des d\u00e9fis objectifs qu\u2019il faudrait prendre \u00e0-bras-le-corps ? La d\u00e9connexion interg\u00e9n\u00e9rationnelle est-elle d\u00e9finitivement clivante ou faut-il repartir \u00e0 la conqu\u00eate de la sympathie de la jeunesse ? Sommes-nous d\u00e9finitivement condamn\u00e9s aux partis-zombies ou reste-t-il un espoir de r\u00e9novation politique profonde ? Le client\u00e9lisme constitue-t-il l\u2019unique horizon du politique ou reste-t-il permis de r\u00eaver au politique du militantisme et du don de soi ? Allons-nous d\u00e9finitivement abdiquer en faveur de ce petit capitalisme castr\u00e9 vivotant des interstices al\u00e9atoires laiss\u00e9s par les forces mondiales de la recherche-innovation-organisation-conqu\u00eate qui nous dominent et qui nous privent du minimum d\u2019oxyg\u00e8ne pour le d\u00e9veloppement de nos propres forces ? Quand allons-nous comprendre qu\u2019une voie nationale de d\u00e9veloppement capitaliste existe, et c\u2019est la Chine qui l\u2019a r\u00e9invent\u00e9e, mais que cela passe par un Etat fort par l\u2019action nationale qu\u2019il met en \u0153uvre et une classe capitaliste qui le soutient prodigieusement par une fiscalit\u00e9 \u00e0 la hauteur des d\u00e9fis que doit affronter l\u2019Etat pour la modernisation de l\u2019\u00e9conomie ? Allons-nous tirer les v\u00e9ritables le\u00e7ons de la s\u00e9rie de crises qui secouent le monde pour statuer que tout \u00e9conomique antagonique au social est le comble de l\u2019absurdit\u00e9 : l\u2019\u00e9conomique ne pouvant qu\u2019\u00eatre social ? Allons-nous saisir la lame de fond entrain de traverser le monde pour que l\u2019agriculture paysanne, l\u2019alimentation saine, la protection des \u00e9cosyst\u00e8mes soient d\u00e9sormais synonymes d\u2019\u00e9quit\u00e9, d\u2019harmonie avec la nature, de source de joie et de bonne sant\u00e9 ? Sommes-nous capables d\u2019imaginer que nous pouvons \u00eatre \u00e0 cent pour cent pour les droits du peuple palestiniens tel que lui il les exprime et les porte et sans nous substituer \u00e0 lui et en m\u00eame temps ne pas mettre en danger les int\u00e9r\u00eats nationaux des Tunisiens dans ce monde aux rapports de forces trop en d\u00e9faveur du droit au respect et \u00e0 la dignit\u00e9 des peuples arabes ? Quand allons-nous comprendre qu\u2019il y a lieu d\u2019\u00eatre tr\u00e8s fier de l\u2019appartenance \u00e0 la civilisation arabo-islamique qui a eu ses heures de gloire et a particip\u00e9 tr\u00e8s fortement \u00e0 la modernisation et au progr\u00e8s de la marche de l\u2019humanit\u00e9 mais pour avoir abandonn\u00e9 l\u2019effort de la science, la philosophie, la litt\u00e9rature et surtout l\u2019ouverture et l\u2019\u00e9change avec le reste du monde, cette belle civilisation a pris un retard monstre \u00e0 propos duquel il s\u2019agit de mettre les buch\u00e9es double pour le rattraper?\u00a0<\/p>\n<p>Cela fait beaucoup de \u00ab Quand ? \u00bb mais cela exprime aussi le fait que nous sommes devenus trop souvent situ\u00e9s dans l\u2019\u00e0-c\u00f4t\u00e9 de l\u2019essentiel, saisis dans une m\u00e9diocrit\u00e9 ambiante de forme facebookiste mais surtout de contenu vide, les chamailleries ridicules d\u2019une Assembl\u00e9e \u00e9clat\u00e9e et le silence assourdissant d\u2019une pr\u00e9sidence atone constituant d\u00e9sormais tout l\u2019horizon politique de la Tunisie de 2020.<\/p>\n<p>Mais le pire dans tout cela c\u2019est la paralysie de l\u2019intelligentsia tunisienne, celle qui devrait \u00eatre consid\u00e9r\u00e9e comme \u00e9tant son atout le plus cher et le plus fort et le piler sur lequel peut et doit s\u2019appuyer la nation pour se redresser.\u00a0\u00a0<\/p>\n<p>La m\u00e9diocrit\u00e9 de la classe politique ne serait-elle pas que le pr\u00e9texte derri\u00e8re lequel se cache cette intelligentsia, qui se serait un peu embourgeois\u00e9e et rang\u00e9 les belles armes de combat qu\u2019elles a su tr\u00e8s souvent et pendant tr\u00e8s longtemps opposer aux d\u00e9viations de toutes sortes qui avaient accompagn\u00e9 la p\u00e9rilleuse marche de la construction d\u2019une soci\u00e9t\u00e9 et d\u2019un Etat modernes dans un contexte au d\u00e9part trop marqu\u00e9 par tous les archa\u00efsmes du monde ?<\/p>\n<p>Faisons un aveu, nous autres qui avons \u00e9t\u00e9 impliqu\u00e9 dans une aventure politique que l\u2019on pensait bonne pour l\u2019avenir et pas une opportunit\u00e9 \u00e9lectoraliste d\u2019un moment, nous avons \u00e9t\u00e9 ramen\u00e9s par une certain \u00ab syst\u00e8me \u00bb que l\u2019on croyait na\u00efvement avoir mis sous contr\u00f4le \u00e0 des \u00ab cases de d\u00e9part \u00bb que l\u2019on croyait d\u00e9finitivement d\u00e9pass\u00e9es. La seule excuse que nous puissions mettre en avant c\u2019est que nous avions consid\u00e9r\u00e9 que, pour sauver la Tunisie du risque mortel qui l\u2019avait guett\u00e9, tous les autres risques \u00e9taient permis. Il est vrai que nous avions tent\u00e9 de b\u00e2tir de l\u2019avenir avec des \u00ab briques \u00bb (parfois des Kantoules) du \u00ab syst\u00e8me \u00bb, croyant que la dynamique allait \u00eatre capable de cr\u00e9er de nouveaux alliages, probablement y-a-t-il eu erreur de dosage, mais si l\u2019on en juge par le r\u00e9sultat obtenu visiblement il s\u2019\u00e9tait agi d\u2019une mauvaise industrie.<\/p>\n<p>Le drame d\u2019aujourd\u2019hui ne s\u2019arr\u00eate pas \u00e0 l\u2019\u00e9chec d\u2019une exp\u00e9rience, ce qui aurait pu d\u00e9boucher sur une alternative meilleure, mais au fait que le vide ainsi cr\u00e9\u00e9 n\u2019ait pu d\u00e9boucher que sur du vide. Et la solution ne peut pas \u00eatre du genre \u00ab Tout cela n\u2019est que le r\u00e9sultat du vote d\u2019une jeunesse \u00e9gar\u00e9e ! \u00bb, car parier, comme cela pourrait transparaitre de ce type de r\u00e9flexion, sur ce type de blocage concernant la partie la plus dynamique de la soci\u00e9t\u00e9, serait cette fois planifier non pas pour l\u2019\u00e9chec conjoncturel mais celui bien strat\u00e9gique.Malgr\u00e9 toute la grisaille du politique, aggrav\u00e9e par celle de Corona mais c\u2019est une autre affaire, la soci\u00e9t\u00e9 est en v\u00e9rit\u00e9 en tr\u00e8s forte attente, mais cette fois pour une donne civique et politique d\u2019une toute autre facture que ce qui a pr\u00e9valu jusque-l\u00e0, quelque-soit par ailleurs les protagonistes, et ce ne sont pas les singeries parlementaires qui vont les convaincre du contraire.<br \/>D\u2019ici \u00e0 ce qu\u2019une offre politique et civique de haut niveau vienne \u00e0 se mettre en place, dans laquelle l\u2019intelligentsia prendra toute sa place, les Tunisiens n\u2019auront que leur patience \u00e0 s\u2019offrir.\u00a0\u00a0\u00a0\u00a0\u00a0<\/p>\n<p class=\"c2\"><strong>Boujemaa Remili<\/strong><\/p>\n<p>Auteur:<br \/>\n<a href=\"https:\/\/www.leaders.com.tn\/article\/29390-boujemaa-remili-je-sors-l-artillerie-lourde\">Cliquez ici pour lire l&rsquo;article depuis sa source.<\/a><\/p>\n","protected":false},"excerpt":{"rendered":"<p>Coronavirus \u00e0 part, et consid\u00e9rant que des Tunisiens survivront, et poursuivront la vie, le d\u00e9bat national, sous toutes ses coutures et surtout pour la phase post-14 janvier, continue \u00e0 p\u00eacher par grosse insatisfaction. L\u2019essentiel nous \u00e9chappe chaque fois que nous tentons de nous en approcher. De quel type d\u2019Etat avons-nous besoin ? Quel genre d\u2019\u00e9conomie [&hellip;]<\/p>\n","protected":false},"author":1772,"featured_media":0,"comment_status":"closed","ping_status":"closed","sticky":false,"template":"","format":"standard","meta":{"fifu_image_url":"","fifu_image_alt":"","footnotes":""},"categories":[73,55],"tags":[],"class_list":["post-79344","post","type-post","status-publish","format-standard","hentry","category-actualite","category-tunisie"],"_links":{"self":[{"href":"https:\/\/linitiative.ca\/International\/wp-json\/wp\/v2\/posts\/79344","targetHints":{"allow":["GET"]}}],"collection":[{"href":"https:\/\/linitiative.ca\/International\/wp-json\/wp\/v2\/posts"}],"about":[{"href":"https:\/\/linitiative.ca\/International\/wp-json\/wp\/v2\/types\/post"}],"author":[{"embeddable":true,"href":"https:\/\/linitiative.ca\/International\/wp-json\/wp\/v2\/users\/1772"}],"replies":[{"embeddable":true,"href":"https:\/\/linitiative.ca\/International\/wp-json\/wp\/v2\/comments?post=79344"}],"version-history":[{"count":0,"href":"https:\/\/linitiative.ca\/International\/wp-json\/wp\/v2\/posts\/79344\/revisions"}],"wp:attachment":[{"href":"https:\/\/linitiative.ca\/International\/wp-json\/wp\/v2\/media?parent=79344"}],"wp:term":[{"taxonomy":"category","embeddable":true,"href":"https:\/\/linitiative.ca\/International\/wp-json\/wp\/v2\/categories?post=79344"},{"taxonomy":"post_tag","embeddable":true,"href":"https:\/\/linitiative.ca\/International\/wp-json\/wp\/v2\/tags?post=79344"}],"curies":[{"name":"wp","href":"https:\/\/api.w.org\/{rel}","templated":true}]}}