{"id":79345,"date":"2020-03-17T14:27:00","date_gmt":"2020-03-17T18:27:00","guid":{"rendered":"https:\/\/linitiative.ca\/International\/banque-centrale-une-situation-exceptionnelle-en-tunisie-a-suivre-de-pres\/"},"modified":"2020-03-17T14:27:00","modified_gmt":"2020-03-17T18:27:00","slug":"banque-centrale-une-situation-exceptionnelle-en-tunisie-a-suivre-de-pres","status":"publish","type":"post","link":"https:\/\/linitiative.ca\/International\/banque-centrale-une-situation-exceptionnelle-en-tunisie-a-suivre-de-pres\/","title":{"rendered":"Banque Centrale : Une situation exceptionnelle en Tunisie \u00e0 suivre de pr\u00e8s"},"content":{"rendered":"<p>D\u00e9cryptage difficile, m\u00eame pour les initi\u00e9s, en attendant de plus amples d\u00e9tails qui seraient livr\u00e9s probablement ce mercredi aux entreprises. La Banque Centrale de Tunisie affiche les indicateurs actualis\u00e9s et d\u00e9cide de baisser le taux d\u2019int\u00e9r\u00eat directeur de la Banque Centrale de Tunisie de 100 points de base pour le ramener \u00e0 6,75 %. Le communiqu\u00e9 publi\u00e9 \u00e0 l\u2019issue de sa r\u00e9union ce mardi 17 mars le conseil d\u2019administration de la BCT indique avoir \u00ab pris connaissance des d\u00e9veloppements r\u00e9cents sur les plans \u00e9conomique, mon\u00e9taire et financier et a d\u00e9battu de l\u2019impact \u00e9ventuel, sur l\u2019\u00e9conomie tunisienne, de la propagation de la pand\u00e9mie Covid-19. \u00bb Aucun d\u00e9tail n\u2019est fourni pour le moement quant aux mesures appropri\u00e9s qui s\u2019imposent. Juste une position de principe : \u00ab continuer \u00e0 subvenir aux besoins des banques en liquidit\u00e9 et soutenir tous les efforts visant \u00e0 contenir cette crise et ses implications sur l\u2019activit\u00e9 \u00e9conomique en g\u00e9n\u00e9ral et sur les entreprises en particulier. \u00bb<\/p>\n<p>Tr\u00e8s inquiets face aux graves perspectives t qui se dessinent \u00e0 l\u2019horizon, les Tunisiens s\u2019attendent \u00e0 plus d\u2019explication. Mais, le communiqu\u00e9 officiel de l\u2019Institut d\u2019\u00e9mission reste sur une ligne prudente dans la r\u00e9v\u00e9lation des projections et des initiatives. Un autre format de communication plus explicite, sera activ\u00e9 dans de tr\u00e8s brefs d\u00e9lais, croit savoir <strong><span class=\"c2\">Leaders<\/span><\/strong>.<\/p>\n<p>Dans son analyse de la conjoncture en pleine pand\u00e9mie, la banque centrale \u00ab estime qu\u2019\u00e0 d\u00e9faut de ma\u00eetrise de la propagation du virus, la performance du secteur touristique, ainsi que celle des secteurs du transport a\u00e9rien et maritime et du secteur industriel pourrait r\u00e9gresser ; en relation avec la baisse du rythme d\u2019exportation suite au repli de la demande des pays partenaires affect\u00e9s et aux difficult\u00e9s d\u2019importation de mati\u00e8res premi\u00e8res et semi-produits, notamment d\u2019origine chinoise. \u00bb<\/p>\n<p>Les indicateurs mentionn\u00e9s sont significatifs:<br \/>ralentissement du taux d\u2019inflation qui est revenu \u00e0 5,8% en f\u00e9vrier 2020, en glissement annuel, contre 5,9% le mois pr\u00e9c\u00e9dent et 7,3% au cours du m\u00eame mois de l\u2019ann\u00e9e pr\u00e9c\u00e9dente,<br \/>r\u00e9gression du d\u00e9ficit courant durant les deux premiers mois de 2020 pour revenir \u00e0 1% du PIB contre 1,4% pour la m\u00eame p\u00e9riode de l\u2019ann\u00e9e,<br \/>accroissement des avoirs nets en devises qui ont atteint 19.104 MDT ou 109 jours d\u2019importation \u00e0 fin f\u00e9vrier 2020 contre 14.318 MDT ou 84 jours d\u2019importation un an auparavant.<\/p>\n<p>Gardant prudence et vigilance, le Conseil de la Banque centrale affirme \u00ab qu\u2019il continue de suivre de pr\u00e8s cette situation exceptionnelle, en concertation avec toutes les parties concern\u00e9es au regard des circonstances actuelles, caract\u00e9ris\u00e9es par un manque de visibilit\u00e9 quant \u00e0 l\u2019impact attendu du nouveau virus.<\/p>\n<h2>Texte int\u00e9gral<\/h2>\n<p>Le Conseil a tenu sa r\u00e9union p\u00e9riodique le mardi 17 mars 2020 et a pass\u00e9 en revue les points inscrits dans son ordre du jour. Au d\u00e9but de ses travaux, le Conseil a pris connaissance des d\u00e9veloppements r\u00e9cents sur les plans \u00e9conomique, mon\u00e9taire et financier et a d\u00e9battu de l\u2019impact \u00e9ventuel, sur l\u2019\u00e9conomie tunisienne, de la propagation de la pand\u00e9mie Covid-19. Dans ce contexte, le Conseil estime qu\u2019\u00e0 d\u00e9faut de ma\u00eetrise de la propagation du virus, la performance du secteur touristique, ainsi que celle des secteurs du transport a\u00e9rien et maritime et du secteur industriel pourrait r\u00e9gresser ; en relation avec la baisse du rythme d\u2019exportation suite au repli de la demande des pays partenaires affect\u00e9s et aux difficult\u00e9s d\u2019importation de mati\u00e8res premi\u00e8res et semi-produits, notamment d\u2019origine chinoise.<\/p>\n<p>Concernant l\u2019\u00e9volution des prix, le Conseil a not\u00e9 que les mesures de politique mon\u00e9taire ont contribu\u00e9 au ralentissement du taux d\u2019inflation qui est revenu \u00e0 5,8% en f\u00e9vrier 2020, en glissement annuel, contre 5,9% le mois pr\u00e9c\u00e9dent et 7,3% au cours du m\u00eame mois de l\u2019ann\u00e9e pr\u00e9c\u00e9dente. Cette \u00e9volution est imputable, principalement, \u00e0 la d\u00e9c\u00e9l\u00e9ration des prix des produits alimentaires et des produits manufacturiers.<\/p>\n<p>S\u2019agissant du secteur ext\u00e9rieur, le Conseil a constat\u00e9 la r\u00e9gression du d\u00e9ficit courant durant les deux premiers mois de 2020 pour revenir \u00e0 1% du PIB contre 1,4% pour la m\u00eame p\u00e9riode de l\u2019ann\u00e9e pr\u00e9c\u00e9dente et ce, particuli\u00e8rement, \u00e0 la faveur de l\u2019att\u00e9nuation du rythme de creusement du d\u00e9ficit commercial. Suite \u00e0 ces \u00e9volutions, les avoirs nets en devises ont atteint 19.104 MDT ou 109 jours d\u2019importation \u00e0 fin f\u00e9vrier 2020 contre 14.318 MDT ou 84 jours d\u2019importation un an auparavant.<\/p>\n<p>Apr\u00e8s discussions et d\u00e9lib\u00e9rations sur les points susmentionn\u00e9s, le Conseil a affirm\u00e9 qu\u2019il continue de suivre de pr\u00e8s cette situation exceptionnelle, en concertation avec toutes les parties concern\u00e9es\u00a0 au regard des circonstances actuelles, caract\u00e9ris\u00e9es par un manque de visibilit\u00e9 quant \u00e0 l\u2019impact attendu du nouveau virus. Aussi, a-t-il r\u00e9it\u00e9r\u00e9 la d\u00e9termination de la Banque Centrale \u00e0 prendre les mesures n\u00e9cessaires pour subvenir aux besoins des banques en liquidit\u00e9 et soutenir tous les efforts visant \u00e0 contenir cette crise et ses implications sur l\u2019activit\u00e9 \u00e9conomique en g\u00e9n\u00e9ral et sur les entreprises en particulier.<\/p>\n<p>Dans ce cadre, le Conseil d\u2019Administration a d\u00e9cid\u00e9 de baisser le taux d\u2019int\u00e9r\u00eat directeur de la Banque Centrale de Tunisie de 100 points de base pour le ramener \u00e0 6,75 %.<\/p>\n<p>Auteur:<br \/>\n<a href=\"https:\/\/www.leaders.com.tn\/article\/29389-banque-centrale-une-situation-exceptionnelle-en-tunisie-a-suivre-de-pres\">Cliquez ici pour lire l&rsquo;article depuis sa source.<\/a><\/p>\n","protected":false},"excerpt":{"rendered":"<p>D\u00e9cryptage difficile, m\u00eame pour les initi\u00e9s, en attendant de plus amples d\u00e9tails qui seraient livr\u00e9s probablement ce mercredi aux entreprises. La Banque Centrale de Tunisie affiche les indicateurs actualis\u00e9s et d\u00e9cide de baisser le taux d\u2019int\u00e9r\u00eat directeur de la Banque Centrale de Tunisie de 100 points de base pour le ramener \u00e0 6,75 %. Le [&hellip;]<\/p>\n","protected":false},"author":1772,"featured_media":0,"comment_status":"closed","ping_status":"closed","sticky":false,"template":"","format":"standard","meta":{"fifu_image_url":"","fifu_image_alt":"","footnotes":""},"categories":[73,55],"tags":[],"class_list":["post-79345","post","type-post","status-publish","format-standard","hentry","category-actualite","category-tunisie"],"_links":{"self":[{"href":"https:\/\/linitiative.ca\/International\/wp-json\/wp\/v2\/posts\/79345","targetHints":{"allow":["GET"]}}],"collection":[{"href":"https:\/\/linitiative.ca\/International\/wp-json\/wp\/v2\/posts"}],"about":[{"href":"https:\/\/linitiative.ca\/International\/wp-json\/wp\/v2\/types\/post"}],"author":[{"embeddable":true,"href":"https:\/\/linitiative.ca\/International\/wp-json\/wp\/v2\/users\/1772"}],"replies":[{"embeddable":true,"href":"https:\/\/linitiative.ca\/International\/wp-json\/wp\/v2\/comments?post=79345"}],"version-history":[{"count":0,"href":"https:\/\/linitiative.ca\/International\/wp-json\/wp\/v2\/posts\/79345\/revisions"}],"wp:attachment":[{"href":"https:\/\/linitiative.ca\/International\/wp-json\/wp\/v2\/media?parent=79345"}],"wp:term":[{"taxonomy":"category","embeddable":true,"href":"https:\/\/linitiative.ca\/International\/wp-json\/wp\/v2\/categories?post=79345"},{"taxonomy":"post_tag","embeddable":true,"href":"https:\/\/linitiative.ca\/International\/wp-json\/wp\/v2\/tags?post=79345"}],"curies":[{"name":"wp","href":"https:\/\/api.w.org\/{rel}","templated":true}]}}