{"id":79346,"date":"2020-03-17T14:25:09","date_gmt":"2020-03-17T18:25:09","guid":{"rendered":"https:\/\/linitiative.ca\/International\/covid-19-renault-cesse-lactivite-de-ses-deux-usines-au-maroc\/"},"modified":"2020-03-17T14:25:09","modified_gmt":"2020-03-17T18:25:09","slug":"covid-19-renault-cesse-lactivite-de-ses-deux-usines-au-maroc","status":"publish","type":"post","link":"https:\/\/linitiative.ca\/International\/covid-19-renault-cesse-lactivite-de-ses-deux-usines-au-maroc\/","title":{"rendered":"Covid-19 : Renault cesse l\u2019activit\u00e9 de ses deux usines au Maroc"},"content":{"rendered":"<p><strong>Le Groupe Renault Maroc a d\u00e9cid\u00e9 d\u2019arr\u00eater temporairement \u00e0 partir du jeudi 19 mars, et jusqu\u2019\u00e0 nouvel ordre, l\u2019activit\u00e9 de ses deux sites de production situ\u00e9s \u00e0 Tanger et \u00e0 Casablanca.<\/strong><\/p>\n<div class=\"c10\"\/>\n<p>Une mesure temporaire, selon un communiqu\u00e9 de la filiale marocaine de la marque au losange, qui concerne pr\u00e8s de 11 000 collaborateurs r\u00e9partis sur les deux usines, et qui intervient \u00e0 la suite des impacts li\u00e9s \u00e0 la pand\u00e9mie de COVID-19, tant dans le Royaume qu\u2019\u00e0 l\u2019international.<\/p>\n<p>Certaines fonctions du Groupe dont la pr\u00e9sence physique n\u2019est pas indispensable au bon fonctionnement de l\u2019activit\u00e9 auront recours au travail \u00e0 distance. Au-del\u00e0 de l\u2019application stricte des mesures sanitaires recommand\u00e9es par le minist\u00e8re de la Sant\u00e9 du Royaume du Maroc et afin de veiller \u00e0 la sant\u00e9 des collaborateurs du Groupe, des dispositifs sp\u00e9cifiques ainsi que des mesures pr\u00e9ventives ont \u00e9t\u00e9 d\u00e9ploy\u00e9s en interne depuis le d\u00e9but de la crise COVID-19 (usines, r\u00e9seau commercial et tertiaire), pr\u00e9cise le communiqu\u00e9.<\/p>\n<p>Le Groupe qui affirme suivre de tr\u00e8s pr\u00e8s la situation et qui se tient pr\u00eat \u00e0 r\u00e9agir rapidement \u00e0 tout changement, dont l\u2019application de nouvelles mesures instaur\u00e9es par les autorit\u00e9s publiques marocaines.<\/p>\n<p>Le red\u00e9marrage de l\u2019activit\u00e9 de production interviendra d\u00e8s que les conditions le permettront. Le Groupe mettra en \u0153uvre les mesures appropri\u00e9es pour r\u00e9pondre efficacement \u00e0 la demande des clients dans le Royaume et \u00e0 l\u2019international.<\/p>\n<div class=\"c17\">\n<fieldset class=\"c16\">\n<legend><strong><span class=\"c11\">Challenge<\/span><span class=\"c12\">news<\/span><\/strong><\/legend>\n<div class=\"c15\">Le meilleur de Challenge s\u00e9lectionn\u00e9 par la r\u00e9daction :<\/p>\n<\/div>\n<\/fieldset>\n<\/div>\n<p>Auteur: David J\u00e9r\u00e9mie<br \/>\n<a href=\"https:\/\/www.challenge.ma\/coronavirus-renault-cesse-lactivite-de-ses-deux-usines-au-maroc-132682\/\">Cliquez ici pour lire l&rsquo;article depuis sa source.<\/a><\/p>\n","protected":false},"excerpt":{"rendered":"<p>Le Groupe Renault Maroc a d\u00e9cid\u00e9 d\u2019arr\u00eater temporairement \u00e0 partir du jeudi 19 mars, et jusqu\u2019\u00e0 nouvel ordre, l\u2019activit\u00e9 de ses deux sites de production situ\u00e9s \u00e0 Tanger et \u00e0 Casablanca. Une mesure temporaire, selon un communiqu\u00e9 de la filiale marocaine de la marque au losange, qui concerne pr\u00e8s de 11 000 collaborateurs r\u00e9partis sur [&hellip;]<\/p>\n","protected":false},"author":1787,"featured_media":0,"comment_status":"closed","ping_status":"closed","sticky":false,"template":"","format":"standard","meta":{"fifu_image_url":"","fifu_image_alt":"","footnotes":""},"categories":[78,54],"tags":[],"class_list":["post-79346","post","type-post","status-publish","format-standard","hentry","category-economie","category-maroc"],"_links":{"self":[{"href":"https:\/\/linitiative.ca\/International\/wp-json\/wp\/v2\/posts\/79346","targetHints":{"allow":["GET"]}}],"collection":[{"href":"https:\/\/linitiative.ca\/International\/wp-json\/wp\/v2\/posts"}],"about":[{"href":"https:\/\/linitiative.ca\/International\/wp-json\/wp\/v2\/types\/post"}],"author":[{"embeddable":true,"href":"https:\/\/linitiative.ca\/International\/wp-json\/wp\/v2\/users\/1787"}],"replies":[{"embeddable":true,"href":"https:\/\/linitiative.ca\/International\/wp-json\/wp\/v2\/comments?post=79346"}],"version-history":[{"count":0,"href":"https:\/\/linitiative.ca\/International\/wp-json\/wp\/v2\/posts\/79346\/revisions"}],"wp:attachment":[{"href":"https:\/\/linitiative.ca\/International\/wp-json\/wp\/v2\/media?parent=79346"}],"wp:term":[{"taxonomy":"category","embeddable":true,"href":"https:\/\/linitiative.ca\/International\/wp-json\/wp\/v2\/categories?post=79346"},{"taxonomy":"post_tag","embeddable":true,"href":"https:\/\/linitiative.ca\/International\/wp-json\/wp\/v2\/tags?post=79346"}],"curies":[{"name":"wp","href":"https:\/\/api.w.org\/{rel}","templated":true}]}}