{"id":79347,"date":"2020-03-17T14:27:38","date_gmt":"2020-03-17T18:27:38","guid":{"rendered":"https:\/\/linitiative.ca\/International\/sm-le-roi-mohammed-vi-preside-un-conseil-des-ministres-a-casablanca\/"},"modified":"2020-03-17T14:27:38","modified_gmt":"2020-03-17T18:27:38","slug":"sm-le-roi-mohammed-vi-preside-un-conseil-des-ministres-a-casablanca","status":"publish","type":"post","link":"https:\/\/linitiative.ca\/International\/sm-le-roi-mohammed-vi-preside-un-conseil-des-ministres-a-casablanca\/","title":{"rendered":"SM le Roi Mohammed VI pr\u00e9side un Conseil des ministres \u00e0 Casablanca"},"content":{"rendered":"<p><strong>Sa Majest\u00e9 le Roi Mohammed VI a pr\u00e9sid\u00e9, mardi 17 mars 2020 au Palais royal \u00e0 Casablanca, une s\u00e9ance de travail consacr\u00e9e au suivi de la gestion de la propagation de la pand\u00e9mie du Coronavirus dans notre pays et \u00e0 la poursuite de la prise de mesures pour faire face \u00e0 toute \u00e9volution.<\/strong><\/p>\n<div class=\"c10\"\/>\n<p>Voici l\u2019int\u00e9gralit\u00e9 du communiqu\u00e9\u00a0du Cabinet\u00a0royal\u00a0:<\/p>\n<p>\u00ab\u00a0Cette r\u00e9union s\u2019inscrit dans le cadre du suivi continu par Sa Majest\u00e9 le Roi de l\u2019\u00e9volution de cette pand\u00e9mie, d\u00e8s le d\u00e9but de sa propagation \u00e0 l\u2019\u00e9chelle mondiale et imm\u00e9diatement apr\u00e8s l\u2019apparition des premiers cas sur le territoire national.<\/p>\n<p>Au d\u00e9but de la r\u00e9union, Sa Majest\u00e9 le Roi s\u2019est inform\u00e9 aupr\u00e8s du ministre de la Sant\u00e9 au sujet des derniers d\u00e9veloppements de la situation sanitaire dans notre pays, de la capacit\u00e9 d\u2019accueil des h\u00f4pitaux et des unit\u00e9s de sant\u00e9 dans les diff\u00e9rentes r\u00e9gions du Royaume et des mesures prises pour satisfaire tous les besoins en termes de s\u00e9curit\u00e9 sanitaire, dont les produits de d\u00e9sinfection et les m\u00e9dicaments.<\/p>\n<p>Sur la base des donn\u00e9es pr\u00e9sent\u00e9es par Monsieur le ministre de la Sant\u00e9, et partant du souci de Sa Majest\u00e9 le Roi, que Dieu Le pr\u00e9serve, d\u2019\u00e9lever les capacit\u00e9s du syst\u00e8me sanitaire national pour faire face \u00e0 cette pand\u00e9mie, le Souverain, Chef Supr\u00eame et Chef d\u2019\u00c9tat-major g\u00e9n\u00e9ral des Forces Arm\u00e9es Royales (FAR), a donn\u00e9 Ses Hautes instructions \u00e0 l\u2019Inspecteur g\u00e9n\u00e9ral des FAR, pour mettre les structures de sant\u00e9 \u00e9quip\u00e9es, dont la cr\u00e9ation avait \u00e9t\u00e9 ordonn\u00e9e auparavant par le Souverain dans les diff\u00e9rentes r\u00e9gions du Royaume dans cet objectif, \u00e0 la disposition du syst\u00e8me sanitaire avec toutes ses composantes, en cas de besoin.<\/p>\n<p>Cette Haute initiative royale s\u2019inscrit dans le cadre de l\u2019approche proactive que le Souverain a ordonn\u00e9 d\u2019adopter depuis l\u2019apparition de cette pand\u00e9mie et du renforcement des mesures pr\u00e9ventives sans pr\u00e9c\u00e9dent prises par les secteurs et les institutions concern\u00e9s pour limiter sa propagation et faire face \u00e0 ses cons\u00e9quences sanitaires, \u00e9conomiques et sociales.<\/p>\n<p>Cette r\u00e9union a \u00e9t\u00e9 l\u2019occasion de passer en revue les \u00e9tapes de mise en application des mesures qui ont \u00e9t\u00e9 prises sur Hautes orientations de SM le Roi et qui concernent la fermeture de l\u2019espace a\u00e9rien et maritime marocain devant les voyageurs, l\u2019annulation des rassemblements et des manifestations sportives, culturelles et artistiques, la cr\u00e9ation d\u2019un Fonds sp\u00e9cial pour la gestion de la pand\u00e9mie du Coronavirus (Covid-19), la suspension des cours dans les \u00e9coles et les universit\u00e9s, la fermeture provisoire des mosqu\u00e9es, la suspension des audiences dans les diff\u00e9rents tribunaux du Royaume, outre un s\u00e9rie de mesures prises par les autorit\u00e9s comp\u00e9tentes dans le domaine des transports publics et la fermeture des espaces publics non n\u00e9cessaires.<\/p>\n<p>Sa Majest\u00e9 le Roi a donn\u00e9 Ses directives aux autorit\u00e9s comp\u00e9tentes pour veiller \u00e0 la bonne application des mesures efficientes visant \u00e0 assurer l\u2019approvisionnement des march\u00e9s, sur l\u2019ensemble du territoire national, en produits alimentaires et de consommation, produits d\u2019hygi\u00e8ne et de d\u00e9sinfection, d\u2019une mani\u00e8re r\u00e9guli\u00e8re et permanente, et lutter contre toute forme de sp\u00e9culation et de hausse des prix.<\/p>\n<p>Dans le m\u00eame contexte, Sa Majest\u00e9 le Roi a donn\u00e9 ses Hautes instructions au Chef du Gouvernement et \u00e0 tous les d\u00e9partements concern\u00e9s de prendre toutes les mesures n\u00e9cessaires, et de se pr\u00e9parer \u00e0 une nouvelle \u00e9tape en cas de n\u00e9cessit\u00e9\u00a0\u00bb.<\/p>\n<div class=\"c17\">\n<fieldset class=\"c16\">\n<legend><strong><span class=\"c11\">Challenge<\/span><span class=\"c12\">news<\/span><\/strong><\/legend>\n<div class=\"c15\">Le meilleur de Challenge s\u00e9lectionn\u00e9 par la r\u00e9daction :<\/p>\n<\/div>\n<\/fieldset>\n<\/div>\n<p>Auteur: challenge<br \/>\n<a href=\"https:\/\/www.challenge.ma\/sm-le-roi-mohammed-vi-preside-un-conseil-des-ministres-a-casablanca-132735\/\">Cliquez ici pour lire l&rsquo;article depuis sa source.<\/a><\/p>\n","protected":false},"excerpt":{"rendered":"<p>Sa Majest\u00e9 le Roi Mohammed VI a pr\u00e9sid\u00e9, mardi 17 mars 2020 au Palais royal \u00e0 Casablanca, une s\u00e9ance de travail consacr\u00e9e au suivi de la gestion de la propagation de la pand\u00e9mie du Coronavirus dans notre pays et \u00e0 la poursuite de la prise de mesures pour faire face \u00e0 toute \u00e9volution. Voici l\u2019int\u00e9gralit\u00e9 [&hellip;]<\/p>\n","protected":false},"author":1787,"featured_media":0,"comment_status":"closed","ping_status":"closed","sticky":false,"template":"","format":"standard","meta":{"fifu_image_url":"","fifu_image_alt":"","footnotes":""},"categories":[78,54],"tags":[],"class_list":["post-79347","post","type-post","status-publish","format-standard","hentry","category-economie","category-maroc"],"_links":{"self":[{"href":"https:\/\/linitiative.ca\/International\/wp-json\/wp\/v2\/posts\/79347","targetHints":{"allow":["GET"]}}],"collection":[{"href":"https:\/\/linitiative.ca\/International\/wp-json\/wp\/v2\/posts"}],"about":[{"href":"https:\/\/linitiative.ca\/International\/wp-json\/wp\/v2\/types\/post"}],"author":[{"embeddable":true,"href":"https:\/\/linitiative.ca\/International\/wp-json\/wp\/v2\/users\/1787"}],"replies":[{"embeddable":true,"href":"https:\/\/linitiative.ca\/International\/wp-json\/wp\/v2\/comments?post=79347"}],"version-history":[{"count":0,"href":"https:\/\/linitiative.ca\/International\/wp-json\/wp\/v2\/posts\/79347\/revisions"}],"wp:attachment":[{"href":"https:\/\/linitiative.ca\/International\/wp-json\/wp\/v2\/media?parent=79347"}],"wp:term":[{"taxonomy":"category","embeddable":true,"href":"https:\/\/linitiative.ca\/International\/wp-json\/wp\/v2\/categories?post=79347"},{"taxonomy":"post_tag","embeddable":true,"href":"https:\/\/linitiative.ca\/International\/wp-json\/wp\/v2\/tags?post=79347"}],"curies":[{"name":"wp","href":"https:\/\/api.w.org\/{rel}","templated":true}]}}