{"id":79348,"date":"2020-03-17T14:37:25","date_gmt":"2020-03-17T18:37:25","guid":{"rendered":"https:\/\/linitiative.ca\/International\/covid-19-lamalif-group-mise-2-millions-de-dh-dans-le-fonds-special\/"},"modified":"2020-03-17T14:37:25","modified_gmt":"2020-03-17T18:37:25","slug":"covid-19-lamalif-group-mise-2-millions-de-dh-dans-le-fonds-special","status":"publish","type":"post","link":"https:\/\/linitiative.ca\/International\/covid-19-lamalif-group-mise-2-millions-de-dh-dans-le-fonds-special\/","title":{"rendered":"Covid-19 : Lamalif Group mise 2 millions de DH dans le fonds sp\u00e9cial"},"content":{"rendered":"<p><strong>Lamalif Group rejoint la liste des entreprises ayant aliment\u00e9 le Fonds sp\u00e9cial pour la gestion de la pand\u00e9mie du Coronavirus lanc\u00e9 par sa Majest\u00e9 le Roi Mohammed VI.<\/strong><\/p>\n<div class=\"c10\"\/>\n<p>Lamalif Group annonce une contribution de deux millions de dirhams. Cette PME marocaine et citoyenne a pris cette initiative en signe de contribution \u00e0 l\u2019effort de solidarit\u00e9 nationale visant \u00e0 limiter les impacts n\u00e9gatifs de la pand\u00e9mie sur la sant\u00e9 des Marocains. Cette contribution s\u2019inscrit \u00e9galement dans un effort collectif visant \u00e0 surmonter les difficult\u00e9s \u00e9conomiques et sociales engendr\u00e9es par la pand\u00e9mie.<\/p>\n<div class=\"c17\">\n<fieldset class=\"c16\">\n<legend><strong><span class=\"c11\">Challenge<\/span><span class=\"c12\">news<\/span><\/strong><\/legend>\n<div class=\"c15\">Le meilleur de Challenge s\u00e9lectionn\u00e9 par la r\u00e9daction :<\/p>\n<\/div>\n<\/fieldset>\n<\/div>\n<p>Auteur: challenge<br \/>\n<a href=\"https:\/\/www.challenge.ma\/clovid-19-lamalif-group-mise-2-millions-de-dh-dans-le-fonds-special-132698\/\">Cliquez ici pour lire l&rsquo;article depuis sa source.<\/a><\/p>\n","protected":false},"excerpt":{"rendered":"<p>Lamalif Group rejoint la liste des entreprises ayant aliment\u00e9 le Fonds sp\u00e9cial pour la gestion de la pand\u00e9mie du Coronavirus lanc\u00e9 par sa Majest\u00e9 le Roi Mohammed VI. Lamalif Group annonce une contribution de deux millions de dirhams. Cette PME marocaine et citoyenne a pris cette initiative en signe de contribution \u00e0 l\u2019effort de solidarit\u00e9 [&hellip;]<\/p>\n","protected":false},"author":1787,"featured_media":0,"comment_status":"closed","ping_status":"closed","sticky":false,"template":"","format":"standard","meta":{"fifu_image_url":"","fifu_image_alt":"","footnotes":""},"categories":[78,54],"tags":[],"class_list":["post-79348","post","type-post","status-publish","format-standard","hentry","category-economie","category-maroc"],"_links":{"self":[{"href":"https:\/\/linitiative.ca\/International\/wp-json\/wp\/v2\/posts\/79348","targetHints":{"allow":["GET"]}}],"collection":[{"href":"https:\/\/linitiative.ca\/International\/wp-json\/wp\/v2\/posts"}],"about":[{"href":"https:\/\/linitiative.ca\/International\/wp-json\/wp\/v2\/types\/post"}],"author":[{"embeddable":true,"href":"https:\/\/linitiative.ca\/International\/wp-json\/wp\/v2\/users\/1787"}],"replies":[{"embeddable":true,"href":"https:\/\/linitiative.ca\/International\/wp-json\/wp\/v2\/comments?post=79348"}],"version-history":[{"count":0,"href":"https:\/\/linitiative.ca\/International\/wp-json\/wp\/v2\/posts\/79348\/revisions"}],"wp:attachment":[{"href":"https:\/\/linitiative.ca\/International\/wp-json\/wp\/v2\/media?parent=79348"}],"wp:term":[{"taxonomy":"category","embeddable":true,"href":"https:\/\/linitiative.ca\/International\/wp-json\/wp\/v2\/categories?post=79348"},{"taxonomy":"post_tag","embeddable":true,"href":"https:\/\/linitiative.ca\/International\/wp-json\/wp\/v2\/tags?post=79348"}],"curies":[{"name":"wp","href":"https:\/\/api.w.org\/{rel}","templated":true}]}}