{"id":79349,"date":"2020-03-17T15:17:35","date_gmt":"2020-03-17T19:17:35","guid":{"rendered":"https:\/\/linitiative.ca\/International\/covid-19-al-mada-accorde-un-don-de-2-milliards-de-dirhams-au-fonds-special\/"},"modified":"2020-03-17T15:17:35","modified_gmt":"2020-03-17T19:17:35","slug":"covid-19-al-mada-accorde-un-don-de-2-milliards-de-dirhams-au-fonds-special","status":"publish","type":"post","link":"https:\/\/linitiative.ca\/International\/covid-19-al-mada-accorde-un-don-de-2-milliards-de-dirhams-au-fonds-special\/","title":{"rendered":"Covid-19 : Al Mada accorde un don de 2 milliards de dirhams au fonds sp\u00e9cial"},"content":{"rendered":"<p><strong>Le Conseil d\u2019Administration d\u2019Al Mada a d\u00e9cid\u00e9 d\u2019accorder une contribution financi\u00e8re sous la forme d\u2019un don de 2 milliards de dirhams au fonds sp\u00e9cial pour la gestion de la pand\u00e9mie du coronavirus \u2013 Covid 19.<\/strong><\/p>\n<div class=\"c10\"\/>\n<p>Ce don s\u2019inscrit dans le cadre du d\u00e9cret en date du lundi 16 mars 2020 qui a instaur\u00e9 la cr\u00e9ation du compte d\u2019affectation sp\u00e9ciale visant \u00e0 faire face aux d\u00e9penses sanitaires exceptionnelles et \u00e0 soutenir les secteurs sinistr\u00e9s par la crise sans pr\u00e9c\u00e9dent li\u00e9e au Coronavirus.<\/p>\n<p>Rappelons que SM le Roi Mohammed VI avait donn\u00e9, dimanche, Ses Hautes Instructions au gouvernement pour proc\u00e9der \u00e0 la cr\u00e9ation imm\u00e9diate d\u2019un fonds sp\u00e9cial d\u00e9di\u00e9 \u00e0 la gestion de la pand\u00e9mie du Coronavirus. Ce fonds, dot\u00e9 de 10 milliards de dirhams, sera r\u00e9serv\u00e9, d\u2019une part, \u00e0 la prise en charge des d\u00e9penses de mise \u00e0 niveau du dispositif m\u00e9dical, en termes d\u2019infrastructures adapt\u00e9es et de moyens suppl\u00e9mentaires \u00e0 acqu\u00e9rir, dans l\u2019urgence, et d\u2019autre part, au soutien de l\u2019\u00e9conomie nationale.<\/p>\n<div class=\"c17\">\n<fieldset class=\"c16\">\n<legend><strong><span class=\"c11\">Challenge<\/span><span class=\"c12\">news<\/span><\/strong><\/legend>\n<div class=\"c15\">Le meilleur de Challenge s\u00e9lectionn\u00e9 par la r\u00e9daction :<\/p>\n<\/div>\n<\/fieldset>\n<\/div>\n<p>Auteur: challenge<br \/>\n<a href=\"https:\/\/www.challenge.ma\/covid-19-al-mada-accorde-un-don-de-2-milliards-de-dirhams-au-fonds-special-132721\/\">Cliquez ici pour lire l&rsquo;article depuis sa source.<\/a><\/p>\n","protected":false},"excerpt":{"rendered":"<p>Le Conseil d\u2019Administration d\u2019Al Mada a d\u00e9cid\u00e9 d\u2019accorder une contribution financi\u00e8re sous la forme d\u2019un don de 2 milliards de dirhams au fonds sp\u00e9cial pour la gestion de la pand\u00e9mie du coronavirus \u2013 Covid 19. Ce don s\u2019inscrit dans le cadre du d\u00e9cret en date du lundi 16 mars 2020 qui a instaur\u00e9 la cr\u00e9ation [&hellip;]<\/p>\n","protected":false},"author":1787,"featured_media":0,"comment_status":"closed","ping_status":"closed","sticky":false,"template":"","format":"standard","meta":{"fifu_image_url":"","fifu_image_alt":"","footnotes":""},"categories":[78,54],"tags":[],"class_list":["post-79349","post","type-post","status-publish","format-standard","hentry","category-economie","category-maroc"],"_links":{"self":[{"href":"https:\/\/linitiative.ca\/International\/wp-json\/wp\/v2\/posts\/79349","targetHints":{"allow":["GET"]}}],"collection":[{"href":"https:\/\/linitiative.ca\/International\/wp-json\/wp\/v2\/posts"}],"about":[{"href":"https:\/\/linitiative.ca\/International\/wp-json\/wp\/v2\/types\/post"}],"author":[{"embeddable":true,"href":"https:\/\/linitiative.ca\/International\/wp-json\/wp\/v2\/users\/1787"}],"replies":[{"embeddable":true,"href":"https:\/\/linitiative.ca\/International\/wp-json\/wp\/v2\/comments?post=79349"}],"version-history":[{"count":0,"href":"https:\/\/linitiative.ca\/International\/wp-json\/wp\/v2\/posts\/79349\/revisions"}],"wp:attachment":[{"href":"https:\/\/linitiative.ca\/International\/wp-json\/wp\/v2\/media?parent=79349"}],"wp:term":[{"taxonomy":"category","embeddable":true,"href":"https:\/\/linitiative.ca\/International\/wp-json\/wp\/v2\/categories?post=79349"},{"taxonomy":"post_tag","embeddable":true,"href":"https:\/\/linitiative.ca\/International\/wp-json\/wp\/v2\/tags?post=79349"}],"curies":[{"name":"wp","href":"https:\/\/api.w.org\/{rel}","templated":true}]}}