{"id":79350,"date":"2020-03-17T16:23:28","date_gmt":"2020-03-17T20:23:28","guid":{"rendered":"https:\/\/linitiative.ca\/International\/covid-19-6-nouveaux-cas-confirmes-au-maroc-44-au-total\/"},"modified":"2020-03-17T16:23:28","modified_gmt":"2020-03-17T20:23:28","slug":"covid-19-6-nouveaux-cas-confirmes-au-maroc-44-au-total","status":"publish","type":"post","link":"https:\/\/linitiative.ca\/International\/covid-19-6-nouveaux-cas-confirmes-au-maroc-44-au-total\/","title":{"rendered":"Covid-19 : 6 nouveaux cas confirm\u00e9s au Maroc, 44 au total"},"content":{"rendered":"<p><strong>Six nouveaux cas confirm\u00e9s de contamination au nouveau coronavirus (Covid-19) ont \u00e9t\u00e9 enregistr\u00e9s au Maroc, depuis 10h du matin jusqu\u2019\u00e0 21h du soir, ce<\/strong> <strong>mardi, portant ainsi \u00e0 44 le nombre total des cas confirm\u00e9s dans le Royaume, annonce le minist\u00e8re de la Sant\u00e9.<\/strong><\/p>\n<div class=\"c10\"\/>\n<p>Les six nouveaux cas ont \u00e9t\u00e9 enregistr\u00e9s dans les villes de Tanger (2), Oujda (1), Rabat (1), Settat (1), Guelmim (1), pr\u00e9cise-t-on de m\u00eame source.<\/p>\n<p><img decoding=\"async\" src=\"https:\/\/www.challenge.ma\/wp-content\/uploads\/2020\/03\/WhatsApp-Image-2020-03-17-at-21.21.09.jpeg\" alt=\"\" class=\"wp-image-132751\" srcset=\"https:\/\/www.challenge.ma\/wp-content\/uploads\/2020\/03\/WhatsApp-Image-2020-03-17-at-21.21.09.jpeg 709w, https:\/\/www.challenge.ma\/wp-content\/uploads\/2020\/03\/WhatsApp-Image-2020-03-17-at-21.21.09-219x300.jpeg 219w, https:\/\/www.challenge.ma\/wp-content\/uploads\/2020\/03\/WhatsApp-Image-2020-03-17-at-21.21.09-360x493.jpeg 360w\" sizes=\"(max-width: 709px) 100vw, 709px\"\/><\/p>\n<div class=\"c17\">\n<fieldset class=\"c16\">\n<legend><strong><span class=\"c11\">Challenge<\/span><span class=\"c12\">news<\/span><\/strong><\/legend>\n<div class=\"c15\">Le meilleur de Challenge s\u00e9lectionn\u00e9 par la r\u00e9daction :<\/p>\n<\/div>\n<\/fieldset>\n<\/div>\n<p>Auteur: challenge<br \/>\n<a href=\"https:\/\/www.challenge.ma\/covid-19-6-nouveaux-cas-confirmes-au-maroc-44-au-total-132746\/\">Cliquez ici pour lire l&rsquo;article depuis sa source.<\/a><\/p>\n","protected":false},"excerpt":{"rendered":"<p>Six nouveaux cas confirm\u00e9s de contamination au nouveau coronavirus (Covid-19) ont \u00e9t\u00e9 enregistr\u00e9s au Maroc, depuis 10h du matin jusqu\u2019\u00e0 21h du soir, ce mardi, portant ainsi \u00e0 44 le nombre total des cas confirm\u00e9s dans le Royaume, annonce le minist\u00e8re de la Sant\u00e9. Les six nouveaux cas ont \u00e9t\u00e9 enregistr\u00e9s dans les villes de [&hellip;]<\/p>\n","protected":false},"author":1787,"featured_media":79351,"comment_status":"closed","ping_status":"closed","sticky":false,"template":"","format":"standard","meta":{"fifu_image_url":"","fifu_image_alt":"","footnotes":""},"categories":[78,54],"tags":[],"class_list":["post-79350","post","type-post","status-publish","format-standard","has-post-thumbnail","hentry","category-economie","category-maroc"],"_links":{"self":[{"href":"https:\/\/linitiative.ca\/International\/wp-json\/wp\/v2\/posts\/79350","targetHints":{"allow":["GET"]}}],"collection":[{"href":"https:\/\/linitiative.ca\/International\/wp-json\/wp\/v2\/posts"}],"about":[{"href":"https:\/\/linitiative.ca\/International\/wp-json\/wp\/v2\/types\/post"}],"author":[{"embeddable":true,"href":"https:\/\/linitiative.ca\/International\/wp-json\/wp\/v2\/users\/1787"}],"replies":[{"embeddable":true,"href":"https:\/\/linitiative.ca\/International\/wp-json\/wp\/v2\/comments?post=79350"}],"version-history":[{"count":0,"href":"https:\/\/linitiative.ca\/International\/wp-json\/wp\/v2\/posts\/79350\/revisions"}],"wp:featuredmedia":[{"embeddable":true,"href":"https:\/\/linitiative.ca\/International\/wp-json\/"}],"wp:attachment":[{"href":"https:\/\/linitiative.ca\/International\/wp-json\/wp\/v2\/media?parent=79350"}],"wp:term":[{"taxonomy":"category","embeddable":true,"href":"https:\/\/linitiative.ca\/International\/wp-json\/wp\/v2\/categories?post=79350"},{"taxonomy":"post_tag","embeddable":true,"href":"https:\/\/linitiative.ca\/International\/wp-json\/wp\/v2\/tags?post=79350"}],"curies":[{"name":"wp","href":"https:\/\/api.w.org\/{rel}","templated":true}]}}