{"id":79352,"date":"2020-03-17T16:27:13","date_gmt":"2020-03-17T20:27:13","guid":{"rendered":"https:\/\/linitiative.ca\/International\/coronavirus-le-tournoi-de-roland-garros-reporte\/"},"modified":"2020-03-17T16:27:13","modified_gmt":"2020-03-17T20:27:13","slug":"coronavirus-le-tournoi-de-roland-garros-reporte","status":"publish","type":"post","link":"https:\/\/linitiative.ca\/International\/coronavirus-le-tournoi-de-roland-garros-reporte\/","title":{"rendered":"Coronavirus : Le tournoi de Roland-Garros report\u00e9"},"content":{"rendered":"<div class=\"post-cont-in left relative\">\n<div class=\"heateor_sss_sharing_container heateor_sss_horizontal_sharing\" heateor-sss-data-href=\"https:\/\/sport.tunisienumerique.com\/coronavirus-le-tournoi-de-roland-garros-reporte\/\">\n<div class=\"heateor_sss_sharing_title c3\">Cet article vous a \u00e9t\u00e9 utile? Partagez le, il int\u00e9ressera d\u2019autres personnes. Merci!<\/div>\n<ul class=\"heateor_sss_sharing_ul\">\n<li class=\"heateorSssSharingRound\"><em alt=\"Facebook\" title=\"Facebook\" class=\"heateorSssSharing heateorSssFacebookBackground c4\" onclick=\"heateorSssPopup(&quot;https:\/\/www.facebook.com\/sharer\/sharer.php?u=https%3A%2F%2Fsport.tunisienumerique.com%2Fcoronavirus-le-tournoi-de-roland-garros-reporte%2F&quot;)\">\u00a0<\/em><\/li>\n<li class=\"heateorSssSharingRound\"><em alt=\"Twitter\" title=\"Twitter\" class=\"heateorSssSharing heateorSssTwitterBackground c4\" onclick=\"heateorSssPopup(&quot;http:\/\/twitter.com\/intent\/tweet?text=Coronavirus%20%3A%20Le%20tournoi%20de%20Roland-Garros%20report%C3%A9&amp;url=https%3A%2F%2Fsport.tunisienumerique.com%2Fcoronavirus-le-tournoi-de-roland-garros-reporte%2F&quot;)\">\u00a0<\/em><\/li>\n<li class=\"heateorSssSharingRound\"><em alt=\"Linkedin\" title=\"Linkedin\" class=\"heateorSssSharing heateorSssLinkedinBackground c4\" onclick=\"heateorSssPopup(&quot;http:\/\/www.linkedin.com\/shareArticle?mini=true&amp;url=https%3A%2F%2Fsport.tunisienumerique.com%2Fcoronavirus-le-tournoi-de-roland-garros-reporte%2F&amp;title=Coronavirus%20%3A%20Le%20tournoi%20de%20Roland-Garros%20report%C3%A9&quot;)\">\u00a0<\/em><\/li>\n<li class=\"heateorSssSharingRound\"><em alt=\"Google Gmail\" title=\"Google Gmail\" class=\"heateorSssSharing heateorSssGoogleGmailBackground c4\" onclick=\"heateorSssPopup(&quot;https:\/\/mail.google.com\/mail\/?ui=2&amp;view=cm&amp;fs=1&amp;tf=1&amp;su=Coronavirus%20%3A%20Le%20tournoi%20de%20Roland-Garros%20report%C3%A9&amp;body=Link:https%3A%2F%2Fsport.tunisienumerique.com%2Fcoronavirus-le-tournoi-de-roland-garros-reporte%2F&quot;)\">\u00a0<\/em><\/li>\n<li class=\"heateorSssSharingRound\"><em alt=\"Whatsapp\" title=\"Whatsapp\" class=\"heateorSssSharing heateorSssWhatsappBackground c4\"><a href=\"https:\/\/web.whatsapp.com\/send?text=Coronavirus%20%3A%20Le%20tournoi%20de%20Roland-Garros%20report%C3%A9%20https%3A%2F%2Fsport.tunisienumerique.com%2Fcoronavirus-le-tournoi-de-roland-garros-reporte%2F\" rel=\"nofollow noopener noreferrer\" target=\"_blank\">\u00a0<\/a><\/em><\/li>\n<li class=\"heateorSssSharingRound\">\u00a0<\/li>\n<\/ul>\n<\/div>\n<p dir=\"ltr\">Initialement pr\u00e9vu le 24 mai prochain, la F\u00e9d\u00e9ration fran\u00e7aise de tennis a annonc\u00e9 le report du coup d\u2019envoi du tournoi de Roland-Garros, au 4 octobre, \u00e0 cause de la pand\u00e9mie de coronavirus.<\/p>\n<p dir=\"ltr\">Face \u00e0 la propagation rapide du Covid-19 en France qui a \u00e9t\u00e9 fortement touch\u00e9e par ce virus, la FFT a annonc\u00e9 mardi le report des Internationaux de France 2020.<\/p>\n<div class=\"code-block code-block-1 c6\"><ins class=\"adsbygoogle c5\" data-ad-layout=\"in-article\" data-ad-format=\"fluid\" data-ad-client=\"ca-pub-2102118777505746\" data-ad-slot=\"7301775417\"\/> <\/div>\n<p dir=\"ltr\">Pr\u00e9vue du 24 mai au 7 juin, l\u2019\u00e9dition 2020 de Roland-Garros se tiendra du 20 septembre au 4 octobre. \u00ab Afin de garantir la sant\u00e9, la s\u00e9curit\u00e9 de tous ceux qui \u00e9taient engag\u00e9s dans la pr\u00e9paration du tournoi, la F\u00e9d\u00e9ration Fran\u00e7aise de Tennis a pris la d\u00e9cision d\u2019organiser l\u2019\u00e9dition 2020 de Roland-Garros du 20 septembre au 4 octobre 2020 \u00bb, a soulign\u00e9 le communiqu\u00e9 de la FFT.<\/p>\n<p><\/p>\n<div class=\"heateor_sss_sharing_container heateor_sss_horizontal_sharing\" heateor-sss-data-href=\"https:\/\/sport.tunisienumerique.com\/coronavirus-le-tournoi-de-roland-garros-reporte\/\">\n<div class=\"heateor_sss_sharing_title c3\">Cet article vous a \u00e9t\u00e9 utile? Partagez le, il int\u00e9ressera d\u2019autres personnes. Merci!<\/div>\n<ul class=\"heateor_sss_sharing_ul\">\n<li class=\"heateorSssSharingRound\"><em alt=\"Facebook\" title=\"Facebook\" class=\"heateorSssSharing heateorSssFacebookBackground c4\" onclick=\"heateorSssPopup(&quot;https:\/\/www.facebook.com\/sharer\/sharer.php?u=https%3A%2F%2Fsport.tunisienumerique.com%2Fcoronavirus-le-tournoi-de-roland-garros-reporte%2F&quot;)\">\u00a0<\/em><\/li>\n<li class=\"heateorSssSharingRound\"><em alt=\"Twitter\" title=\"Twitter\" class=\"heateorSssSharing heateorSssTwitterBackground c4\" onclick=\"heateorSssPopup(&quot;http:\/\/twitter.com\/intent\/tweet?text=Coronavirus%20%3A%20Le%20tournoi%20de%20Roland-Garros%20report%C3%A9&amp;url=https%3A%2F%2Fsport.tunisienumerique.com%2Fcoronavirus-le-tournoi-de-roland-garros-reporte%2F&quot;)\">\u00a0<\/em><\/li>\n<li class=\"heateorSssSharingRound\"><em alt=\"Linkedin\" title=\"Linkedin\" class=\"heateorSssSharing heateorSssLinkedinBackground c4\" onclick=\"heateorSssPopup(&quot;http:\/\/www.linkedin.com\/shareArticle?mini=true&amp;url=https%3A%2F%2Fsport.tunisienumerique.com%2Fcoronavirus-le-tournoi-de-roland-garros-reporte%2F&amp;title=Coronavirus%20%3A%20Le%20tournoi%20de%20Roland-Garros%20report%C3%A9&quot;)\">\u00a0<\/em><\/li>\n<li class=\"heateorSssSharingRound\"><em alt=\"Google Gmail\" title=\"Google Gmail\" class=\"heateorSssSharing heateorSssGoogleGmailBackground c4\" onclick=\"heateorSssPopup(&quot;https:\/\/mail.google.com\/mail\/?ui=2&amp;view=cm&amp;fs=1&amp;tf=1&amp;su=Coronavirus%20%3A%20Le%20tournoi%20de%20Roland-Garros%20report%C3%A9&amp;body=Link:https%3A%2F%2Fsport.tunisienumerique.com%2Fcoronavirus-le-tournoi-de-roland-garros-reporte%2F&quot;)\">\u00a0<\/em><\/li>\n<li class=\"heateorSssSharingRound\"><em alt=\"Whatsapp\" title=\"Whatsapp\" class=\"heateorSssSharing heateorSssWhatsappBackground c4\"><a href=\"https:\/\/web.whatsapp.com\/send?text=Coronavirus%20%3A%20Le%20tournoi%20de%20Roland-Garros%20report%C3%A9%20https%3A%2F%2Fsport.tunisienumerique.com%2Fcoronavirus-le-tournoi-de-roland-garros-reporte%2F\" rel=\"nofollow noopener noreferrer\" target=\"_blank\">\u00a0<\/a><\/em><\/li>\n<li class=\"heateorSssSharingRound\">\u00a0<\/li>\n<\/ul>\n<\/div>\n<div class=\"mvp-org-wrap mvp-org-logo\" itemprop=\"publisher\" itemscope=\"\" itemtype=\"https:\/\/schema.org\/Organization\"><img decoding=\"async\" src=\"https:\/\/sport.tunisienumerique.com\/wp-content\/uploads\/2017\/05\/logo_tunisie_numerique.png\"\/><\/div>\n<div class=\"mvp-related-posts left relative\">\n<h4 class=\"post-header\"><span class=\"post-header\">Lire aussi<\/span><\/h4>\n<\/div>\n<div id=\"article-ad\"><ins class=\"adsbygoogle c7\" data-ad-client=\"ca-pub-2102118777505746\" data-ad-slot=\"6513972734\" data-ad-format=\"auto\" data-full-width-responsive=\"true\"\/> <\/div>\n<\/div>\n<div id=\"post-sidebar-wrap\"><ins class=\"adsbygoogle c7\" data-ad-client=\"ca-pub-2102118777505746\" data-ad-slot=\"6513972734\" data-ad-format=\"auto\" data-full-width-responsive=\"true\"\/> <\/div>\n<p>Auteur: a.<br \/>\n<a href=\"https:\/\/sport.tunisienumerique.com\/coronavirus-le-tournoi-de-roland-garros-reporte\/\">Cliquez ici pour lire l&rsquo;article depuis sa source.<\/a><\/p>\n","protected":false},"excerpt":{"rendered":"<p>Cet article vous a \u00e9t\u00e9 utile? Partagez le, il int\u00e9ressera d\u2019autres personnes. Merci! \u00a0 \u00a0 \u00a0 \u00a0 \u00a0 \u00a0 Initialement pr\u00e9vu le 24 mai prochain, la F\u00e9d\u00e9ration fran\u00e7aise de tennis a annonc\u00e9 le report du coup d\u2019envoi du tournoi de Roland-Garros, au 4 octobre, \u00e0 cause de la pand\u00e9mie de coronavirus. Face \u00e0 la propagation [&hellip;]<\/p>\n","protected":false},"author":1789,"featured_media":79353,"comment_status":"closed","ping_status":"closed","sticky":false,"template":"","format":"standard","meta":{"fifu_image_url":"","fifu_image_alt":"","footnotes":""},"categories":[73,55],"tags":[],"class_list":["post-79352","post","type-post","status-publish","format-standard","has-post-thumbnail","hentry","category-actualite","category-tunisie"],"_links":{"self":[{"href":"https:\/\/linitiative.ca\/International\/wp-json\/wp\/v2\/posts\/79352","targetHints":{"allow":["GET"]}}],"collection":[{"href":"https:\/\/linitiative.ca\/International\/wp-json\/wp\/v2\/posts"}],"about":[{"href":"https:\/\/linitiative.ca\/International\/wp-json\/wp\/v2\/types\/post"}],"author":[{"embeddable":true,"href":"https:\/\/linitiative.ca\/International\/wp-json\/wp\/v2\/users\/1789"}],"replies":[{"embeddable":true,"href":"https:\/\/linitiative.ca\/International\/wp-json\/wp\/v2\/comments?post=79352"}],"version-history":[{"count":0,"href":"https:\/\/linitiative.ca\/International\/wp-json\/wp\/v2\/posts\/79352\/revisions"}],"wp:featuredmedia":[{"embeddable":true,"href":"https:\/\/linitiative.ca\/International\/wp-json\/"}],"wp:attachment":[{"href":"https:\/\/linitiative.ca\/International\/wp-json\/wp\/v2\/media?parent=79352"}],"wp:term":[{"taxonomy":"category","embeddable":true,"href":"https:\/\/linitiative.ca\/International\/wp-json\/wp\/v2\/categories?post=79352"},{"taxonomy":"post_tag","embeddable":true,"href":"https:\/\/linitiative.ca\/International\/wp-json\/wp\/v2\/tags?post=79352"}],"curies":[{"name":"wp","href":"https:\/\/api.w.org\/{rel}","templated":true}]}}