{"id":79360,"date":"2020-03-17T17:08:53","date_gmt":"2020-03-17T21:08:53","guid":{"rendered":"https:\/\/linitiative.ca\/International\/tunisie-coronavirus-kais-saied-appelle-a-la-solidarite-nationale-et-internationale\/"},"modified":"2020-03-17T17:08:53","modified_gmt":"2020-03-17T21:08:53","slug":"tunisie-coronavirus-kais-saied-appelle-a-la-solidarite-nationale-et-internationale","status":"publish","type":"post","link":"https:\/\/linitiative.ca\/International\/tunisie-coronavirus-kais-saied-appelle-a-la-solidarite-nationale-et-internationale\/","title":{"rendered":"Tunisie \u2013 Coronavirus : Ka\u00efs Sa\u00efed appelle \u00e0 la solidarit\u00e9 nationale et internationale"},"content":{"rendered":"<div class=\"post-cont-in left relative\">\n<p>Le pr\u00e9sident de la R\u00e9publique, <a href=\"https:\/\/www.tunisienumerique.com\/tunisie-actualite\/kais-saied\/\" title=\"Ka&#xEF;s Sa&#xEF;ed\" target=\"_top\" class=\"auto-link\" rel=\"noopener noreferrer\">Ka\u00efs Sa\u00efed<\/a>, a appel\u00e9 \u00e0 renforcer la solidarit\u00e9 entre les diff\u00e9rentes constituantes de la soci\u00e9t\u00e9. Il a appel\u00e9 ceux qui le peuvent \u00e0 faire don de la moiti\u00e9 de leur salaire, si ce n\u2019est plus, comme il va le faire, lui-m\u00eame. Et ce, au profit de ceux qui verront leurs moyens financiers entam\u00e9s par les r\u00e9percussions de l\u2019\u00e9pid\u00e9mie.<\/p>\n<div class=\"code-block code-block-1 c3\"><ins class=\"adsbygoogle c2\" data-ad-layout=\"in-article\" data-ad-format=\"fluid\" data-ad-client=\"ca-pub-2102118777505746\" data-ad-slot=\"7301775417\"\/> <\/div>\n<p>Il a appel\u00e9 le pouvoir l\u00e9gislatif \u00e0 promulguer les lois n\u00e9cessaires pour all\u00e9ger les retomb\u00e9es de la crise sur les citoyens et les entreprises, comme le r\u00e9\u00e9chelonnement des dettes.<\/p>\n<p>Sa\u00efed a, par ailleurs, appel\u00e9 les instances internationales comme les bailleurs de fond, \u00e0 \u00eatre compr\u00e9hensifs de la situation actuelle, et chercher une solution pour all\u00e9ger les retomb\u00e9es de l\u2019\u00e9pid\u00e9mie sur l\u2019\u00e9conomie du pays.<\/p>\n<div class=\"swp_social_panel swp_horizontal_panel swp_flat_fresh swp_default_full_color swp_individual_full_color swp_other_full_color scale-100 scale-\" data-min-width=\"1100\" data-float-color=\"#ffffff\" data-float=\"bottom\" data-float-mobile=\"bottom\" data-transition=\"slide\">\n<div class=\"nc_tweetContainer swp_share_button total_shares total_sharesalt\"><span class=\"swp_count\">1 <span class=\"swp_label\">Partages<\/span><\/span><\/div>\n<\/div>\n<p><strong>Que se passe-t-il en Tunisie?<\/strong><br \/>Nous expliquons sur notre <a href=\"https:\/\/www.youtube.com\/channel\/UCRzypVq0B_yBad5eGrwBx0Q?sub_confirmation=1\" target=\"_blank\" rel=\"noopener noreferrer\">cha\u00eene YouTube<\/a> . <a href=\"https:\/\/www.youtube.com\/channel\/UCRzypVq0B_yBad5eGrwBx0Q?sub_confirmation=1\" target=\"_blank\" rel=\"noopener noreferrer\">Abonnez-vous!<\/a><\/p>\n<div class=\"mvp-org-wrap mvp-org-logo\" itemprop=\"publisher\" itemscope=\"\" itemtype=\"https:\/\/schema.org\/Organization\"><img decoding=\"async\" src=\"https:\/\/www.tunisienumerique.com\/wp-content\/uploads\/2017\/02\/logo_tunisie_numerique.png\"\/><\/div>\n<div class=\"mvp-related-posts left relative\">\n<h4 class=\"post-header\"><span class=\"post-header\">Lire aussi<\/span><\/h4>\n<\/div>\n<div id=\"article-ad\"><ins class=\"adsbygoogle c4\" data-ad-client=\"ca-pub-2102118777505746\" data-ad-slot=\"6513972734\" data-ad-format=\"auto\" data-full-width-responsive=\"true\"\/> <\/div>\n<\/div>\n<div id=\"post-sidebar-wrap\"><ins class=\"adsbygoogle c4\" data-ad-client=\"ca-pub-2102118777505746\" data-ad-slot=\"6168283410\" data-ad-format=\"auto\" data-full-width-responsive=\"true\"\/> <\/div>\n<p>Auteur: LM<br \/>\n<a href=\"https:\/\/www.tunisienumerique.com\/tunisie-coronavirus-kais-saied-appelle-a-la-solidarite-nationale-et-internationale\/\">Cliquez ici pour lire l&rsquo;article depuis sa source.<\/a><\/p>\n","protected":false},"excerpt":{"rendered":"<p>Le pr\u00e9sident de la R\u00e9publique, Ka\u00efs Sa\u00efed, a appel\u00e9 \u00e0 renforcer la solidarit\u00e9 entre les diff\u00e9rentes constituantes de la soci\u00e9t\u00e9. Il a appel\u00e9 ceux qui le peuvent \u00e0 faire don de la moiti\u00e9 de leur salaire, si ce n\u2019est plus, comme il va le faire, lui-m\u00eame. Et ce, au profit de ceux qui verront leurs [&hellip;]<\/p>\n","protected":false},"author":1789,"featured_media":79361,"comment_status":"closed","ping_status":"closed","sticky":false,"template":"","format":"standard","meta":{"fifu_image_url":"","fifu_image_alt":"","footnotes":""},"categories":[73,55],"tags":[],"class_list":["post-79360","post","type-post","status-publish","format-standard","has-post-thumbnail","hentry","category-actualite","category-tunisie"],"_links":{"self":[{"href":"https:\/\/linitiative.ca\/International\/wp-json\/wp\/v2\/posts\/79360","targetHints":{"allow":["GET"]}}],"collection":[{"href":"https:\/\/linitiative.ca\/International\/wp-json\/wp\/v2\/posts"}],"about":[{"href":"https:\/\/linitiative.ca\/International\/wp-json\/wp\/v2\/types\/post"}],"author":[{"embeddable":true,"href":"https:\/\/linitiative.ca\/International\/wp-json\/wp\/v2\/users\/1789"}],"replies":[{"embeddable":true,"href":"https:\/\/linitiative.ca\/International\/wp-json\/wp\/v2\/comments?post=79360"}],"version-history":[{"count":0,"href":"https:\/\/linitiative.ca\/International\/wp-json\/wp\/v2\/posts\/79360\/revisions"}],"wp:featuredmedia":[{"embeddable":true,"href":"https:\/\/linitiative.ca\/International\/wp-json\/"}],"wp:attachment":[{"href":"https:\/\/linitiative.ca\/International\/wp-json\/wp\/v2\/media?parent=79360"}],"wp:term":[{"taxonomy":"category","embeddable":true,"href":"https:\/\/linitiative.ca\/International\/wp-json\/wp\/v2\/categories?post=79360"},{"taxonomy":"post_tag","embeddable":true,"href":"https:\/\/linitiative.ca\/International\/wp-json\/wp\/v2\/tags?post=79360"}],"curies":[{"name":"wp","href":"https:\/\/api.w.org\/{rel}","templated":true}]}}