{"id":79362,"date":"2020-03-17T16:05:04","date_gmt":"2020-03-17T20:05:04","guid":{"rendered":"https:\/\/linitiative.ca\/International\/levee-de-limmunite-parlementaire-de-agbeyome-kodjo-au-togo\/"},"modified":"2020-03-17T16:05:04","modified_gmt":"2020-03-17T20:05:04","slug":"levee-de-limmunite-parlementaire-de-agbeyome-kodjo-au-togo","status":"publish","type":"post","link":"https:\/\/linitiative.ca\/International\/levee-de-limmunite-parlementaire-de-agbeyome-kodjo-au-togo\/","title":{"rendered":"LEVEE DE L\u2019IMMUNITE PARLEMENTAIRE DE AGBEYOME KODJO AU TOGO"},"content":{"rendered":"<div class=\"stream-item stream-item-above-post-content\">\n<p><noscript><\/p>\n<p><a href=\"\/\/www3.smartadserver.com\/ac?jump=1&amp;nwid=2136&amp;siteid=240610&amp;pgname=rg&amp;fmtid=49046&amp;visit=m&amp;tmstp=[timestamp]&amp;out=nonrich\" target=\"_blank\" rel=\"noopener noreferrer\"><img decoding=\"async\" src=\"http:\/\/www3.smartadserver.com\/ac?out=nonrich&amp;nwid=2136&amp;siteid=240610&amp;pgname=rg&amp;fmtid=49046&amp;visit=m&amp;tmstp=[timestamp]\" border=\"0\" alt=\"\"\/><\/a><\/p>\n<p><\/noscript><\/div>\n<p class=\"c3\"><em>En deux temps trois mouvements, les d\u00e9put\u00e9s togolais ont lev\u00e9, le 16 mars dernier, \u00e0 une large majorit\u00e9 de 80 voix sur 90 dont huit abstentions, l\u2019immunit\u00e9 parlementaire de Gabriel Agbeyom\u00e9 Kodjo accus\u00e9 de troubles aggrav\u00e9s \u00e0 l\u2019ordre public, d\u00e9nonciations calomnieuses et atteinte \u00e0 la s\u00e9curit\u00e9 int\u00e9rieure de l\u2019Etat. L\u2019ancien Premier ministre de Gnassingb\u00e9 p\u00e8re, proclam\u00e9 deuxi\u00e8me, derri\u00e8re le chef de l\u2019Etat, \u00e0 la pr\u00e9sidentielle du 22 f\u00e9vrier dernier dont il ne cesse de revendiquer la victoire, perd ainsi son bouclier contre les poursuites judiciaires que ses pairs \u00e9lus nationaux ont autoris\u00e9 le Procureur de la R\u00e9publique \u00e0 engager contre lui. En rappel, au lendemain du scrutin pr\u00e9sidentiel, celui qui a aussi occup\u00e9 le perchoir avant de devenir opposant, s\u2019\u00e9tait proclam\u00e9 vainqueur et avait m\u00eame invit\u00e9 le chef de l\u2019Etat \u00e0 la premi\u00e8re d\u00e9volution d\u00e9mocratique du pouvoir dans son pays. Et c\u2019est ce qui lui vaut les d\u00e9boires judiciaires d\u2019aujourd\u2019hui.<\/em> <em>Le moins que l\u2019on puisse dire, c\u2019est que cette lev\u00e9e de l\u2019immunit\u00e9 parlementaire du candidat du Mouvement patriotique pour la d\u00e9mocratie et le d\u00e9veloppement (MPDD) n\u2019est pas \u00e9tonnante. Du reste, comment pouvait-il en \u00eatre autrement dans une Assembl\u00e9e nationale monocolore largement acquise \u00e0 la cause du chef de l\u2019Etat, suite au boycott des l\u00e9gislatives de d\u00e9cembre 2018 par les principaux partis de l\u2019opposition ? Mais Faure avait-il besoin de \u00e7a ? A-t-il encore besoin de bander les muscles face \u00e0 un candidat malheureux dont les recours ont \u00e9t\u00e9 rejet\u00e9s et qui n\u2019a plus aucune chance de renverser des r\u00e9sultats ent\u00e9rin\u00e9s par la Cour constitutionnelle ? Quoi qu\u2019il en soit, pour un scrutin qui \u00e9tait d\u00e9j\u00e0 pli\u00e9, en s\u2019acharnant de la sorte contre l\u2019opposant et candidat malheureux dont les cris d\u2019orfraie ne sont pas loin de s\u2019\u00e9teindre d\u2019eux-m\u00eames dans les flots de la lagune de B\u00e8, Faure se paie une mauvaise publicit\u00e9 dont il aurait pu se passer.<\/em><\/p>\n<p class=\"c3\"><strong><em>Pour quelqu\u2019un qui briguait un quatri\u00e8me mandat, Faure ne pouvait que rendre une p\u00e2le copie de la d\u00e9mocratie qu\u2019il pr\u00e9tend d\u00e9fendre dans son pays<\/em><\/strong><\/p>\n<p class=\"c3\"><em>Car, l\u2019empressement de la Commission \u00e9lectorale \u00e0 proclamer sa victoire dans les conditions que l\u2019on sait, n\u2019a pas \u00e9t\u00e9 sans semer le doute dans certains esprits. Et ce, au-del\u00e0 m\u00eame du Togo. C\u2019est pourquoi cette lev\u00e9e de l\u2019immunit\u00e9 parlementaire de l\u2019opposant, peut para\u00eetre, aux yeux de certains observateurs, comme une cabale judiciaire en pr\u00e9paration, pour \u00e9teindre toute contestation. D\u2019autant que jusque-l\u00e0, les Togolais sont rest\u00e9s impassibles \u00e0 l\u2019appel de l\u2019opposant \u00e0 d\u00e9fendre sa victoire, et ne montrent pas non plus d\u2019enthousiasme \u00e0 suivre son parrain, Monseigneur Philippe Kpodzo, dans sa volont\u00e9 de mourir en martyr pour son filleul. Si ce n\u2019est pas un signe de r\u00e9signation, cela y ressemble fort. Et cela devrait interpeller le chef de l\u2019Etat togolais.\u00a0<\/em> <em>De quoi alors Faure a-t-il encore peur ? Lui seul pourrait r\u00e9pondre \u00e0 cette question. En attendant, ce n\u2019est pas en donnant le sentiment d\u2019instrumentaliser la Justice contre un adversaire d\u00e9j\u00e0 vaincu, qu\u2019il rendra sa r\u00e9\u00e9lection beaucoup plus propre et plus cr\u00e9dible aux yeux de certains observateurs. Surtout avec le score stalinien qui semble avoir \u00e9t\u00e9 taill\u00e9 sur mesure. Au contraire, cela ne fera qu\u2019assombrir une victoire aux fortes exhalaisons de fraude, dans une \u00e9lection qui aura \u00e9t\u00e9 loin de donner toutes les garanties de transparence et d\u2019\u00e9quit\u00e9. Pour quelqu\u2019un qui briguait un quatri\u00e8me mandat, Faure ne pouvait que rendre une p\u00e2le copie de la d\u00e9mocratie qu\u2019il pr\u00e9tend d\u00e9fendre dans son pays. En tout \u00e9tat de cause, il se tromperait encore plus lourdement s\u2019il s\u2019en prenait au vieil archev\u00eaque de Lom\u00e9 qui, apr\u00e8s avoir subi plus d\u2019un demi-si\u00e8cle de dictature des Gnassingb\u00e9, semble mener le dernier combat de sa vie, pour une cause qui, on le sait, a visiblement peu de chances d\u2019aboutir.<\/em><\/p>\n<p class=\"c3\"><strong><em>Out\u00e9l\u00e9 KEITA<\/em><\/strong><\/p>\n<p>Auteur: Le Pays<br \/>\n<a href=\"http:\/\/lepays.bf\/levee-de-limmunite-parlementaire-de-agbeyome-kodjo-au-togo\/\">Cliquez ici pour lire l&rsquo;article depuis sa source.<\/a><\/p>\n","protected":false},"excerpt":{"rendered":"<p>En deux temps trois mouvements, les d\u00e9put\u00e9s togolais ont lev\u00e9, le 16 mars dernier, \u00e0 une large majorit\u00e9 de 80 voix sur 90 dont huit abstentions, l\u2019immunit\u00e9 parlementaire de Gabriel Agbeyom\u00e9 Kodjo accus\u00e9 de troubles aggrav\u00e9s \u00e0 l\u2019ordre public, d\u00e9nonciations calomnieuses et atteinte \u00e0 la s\u00e9curit\u00e9 int\u00e9rieure de l\u2019Etat. L\u2019ancien Premier ministre de Gnassingb\u00e9 p\u00e8re, [&hellip;]<\/p>\n","protected":false},"author":1813,"featured_media":0,"comment_status":"closed","ping_status":"closed","sticky":false,"template":"","format":"standard","meta":{"fifu_image_url":"","fifu_image_alt":"","footnotes":""},"categories":[73,81],"tags":[],"class_list":["post-79362","post","type-post","status-publish","format-standard","hentry","category-actualite","category-burkina-faso"],"_links":{"self":[{"href":"https:\/\/linitiative.ca\/International\/wp-json\/wp\/v2\/posts\/79362","targetHints":{"allow":["GET"]}}],"collection":[{"href":"https:\/\/linitiative.ca\/International\/wp-json\/wp\/v2\/posts"}],"about":[{"href":"https:\/\/linitiative.ca\/International\/wp-json\/wp\/v2\/types\/post"}],"author":[{"embeddable":true,"href":"https:\/\/linitiative.ca\/International\/wp-json\/wp\/v2\/users\/1813"}],"replies":[{"embeddable":true,"href":"https:\/\/linitiative.ca\/International\/wp-json\/wp\/v2\/comments?post=79362"}],"version-history":[{"count":0,"href":"https:\/\/linitiative.ca\/International\/wp-json\/wp\/v2\/posts\/79362\/revisions"}],"wp:attachment":[{"href":"https:\/\/linitiative.ca\/International\/wp-json\/wp\/v2\/media?parent=79362"}],"wp:term":[{"taxonomy":"category","embeddable":true,"href":"https:\/\/linitiative.ca\/International\/wp-json\/wp\/v2\/categories?post=79362"},{"taxonomy":"post_tag","embeddable":true,"href":"https:\/\/linitiative.ca\/International\/wp-json\/wp\/v2\/tags?post=79362"}],"curies":[{"name":"wp","href":"https:\/\/api.w.org\/{rel}","templated":true}]}}