{"id":79368,"date":"2020-03-17T16:04:08","date_gmt":"2020-03-17T20:04:08","guid":{"rendered":"https:\/\/linitiative.ca\/International\/cameroun-cavaye-yeguie-djibril-reelu-president-de-lassemble-nationale\/"},"modified":"2020-03-17T16:04:08","modified_gmt":"2020-03-17T20:04:08","slug":"cameroun-cavaye-yeguie-djibril-reelu-president-de-lassemble-nationale","status":"publish","type":"post","link":"https:\/\/linitiative.ca\/International\/cameroun-cavaye-yeguie-djibril-reelu-president-de-lassemble-nationale\/","title":{"rendered":"Cameroun : Cavaye Y\u00e9gui\u00e9 Djibril r\u00e9\u00e9lu pr\u00e9sident de l\u2019Assemble nationale"},"content":{"rendered":"<div readability=\"32\">\n<p>Publi\u00e9 le 17.03.2020 \u00e0 21h04 par Christian Djimadeu<\/p>\n<\/div>\n<div readability=\"51\">\n<h2 class=\"c3\">A 80 ans, le d\u00e9put\u00e9 du Mayo-Sava dans l\u2019extr\u00eame nord, est \u00e0 nouveau port\u00e9 \u00e0 la t\u00eate de la chambre basse du parlement. Poste qu\u2019il occupe depuis 28 ans.<\/h2>\n<p class=\"c4\">Les rumeurs sur la disgr\u00e2ce de\u00a0 <strong>Cavaye Y\u00e9gui\u00e9 Djibril<\/strong> n\u2019\u00e9taient donc que des p\u00e9tards mouill\u00e9s. Puis ce que le fils de Mada dans le l\u2019arrondissement de Tokomb\u00e9r\u00e9 vient de rempiler \u00e0 la t\u00eate de l\u2019<strong>Assembl\u00e9e nationale<\/strong>.<\/p>\n<p class=\"c4\">Candidat unique au poste, il a \u00e9t\u00e9 \u00e9lu \u00a0\u00e0 la majorit\u00e9 absolue au terme d\u2019un scrutin uninominal. D\u00e9put\u00e9 depuis l\u2019\u00e2ge de 47 ans, il est depuis 1992 port\u00e9 au sommet du\u00a0 perchoir.<\/p>\n<p class=\"c4\">Sous soins m\u00e9dicaux en France depuis le 13 f\u00e9vrier \u00e0 la suite d\u2019une allergie m\u00e9dicamenteuse, c\u2019est\u00a0 le 14 mars dernier qu\u2019il revient au pays pour se faire r\u00e9\u00e9lire. A travers le report du 12 au \u00a016 mars de la s\u00e9ance pl\u00e9ni\u00e8re, certains observateurs de la sc\u00e8ne politique ont indiqu\u00e9 que \u00ab\u00a0<em>la man\u0153uvre<\/em>\u00a0\u00bb visait \u00e0 permettre au Tr\u00e8s honorable \u00a0de regagner \u00a0le pays pour sa r\u00e9\u00e9lection.<\/p>\n<p class=\"c4\">A l\u2019assembl\u00e9e nationale, \u00a0le <strong>RDPC<\/strong> son parti politique reste fortement majoritaire avec 139 d\u00e9put\u00e9s sur les 180 au terme des \u00e9lections l\u00e9gislatives du 9 f\u00e9vrier dernier. De quoi lui conf\u00e9rer une certaine assurance de s\u2019imposer sur tous les fronts de la vie du parlement.<\/p>\n<\/div>\n<p>Auteur: Christian DJIMADEU<br \/>\n<a href=\"https:\/\/www.journalducameroun.com\/cameroun-cavaye-yeguie-djibril-reelu-president-de-lassemble-nationale-cameroun\/\">Cliquez ici pour lire l&rsquo;article depuis sa source.<\/a><\/p>\n","protected":false},"excerpt":{"rendered":"<p>Publi\u00e9 le 17.03.2020 \u00e0 21h04 par Christian Djimadeu A 80 ans, le d\u00e9put\u00e9 du Mayo-Sava dans l\u2019extr\u00eame nord, est \u00e0 nouveau port\u00e9 \u00e0 la t\u00eate de la chambre basse du parlement. Poste qu\u2019il occupe depuis 28 ans. Les rumeurs sur la disgr\u00e2ce de\u00a0 Cavaye Y\u00e9gui\u00e9 Djibril n\u2019\u00e9taient donc que des p\u00e9tards mouill\u00e9s. Puis ce que [&hellip;]<\/p>\n","protected":false},"author":1965,"featured_media":0,"comment_status":"closed","ping_status":"closed","sticky":false,"template":"","format":"standard","meta":{"fifu_image_url":"","fifu_image_alt":"","footnotes":""},"categories":[73,82],"tags":[],"class_list":["post-79368","post","type-post","status-publish","format-standard","hentry","category-actualite","category-cameroun"],"_links":{"self":[{"href":"https:\/\/linitiative.ca\/International\/wp-json\/wp\/v2\/posts\/79368","targetHints":{"allow":["GET"]}}],"collection":[{"href":"https:\/\/linitiative.ca\/International\/wp-json\/wp\/v2\/posts"}],"about":[{"href":"https:\/\/linitiative.ca\/International\/wp-json\/wp\/v2\/types\/post"}],"author":[{"embeddable":true,"href":"https:\/\/linitiative.ca\/International\/wp-json\/wp\/v2\/users\/1965"}],"replies":[{"embeddable":true,"href":"https:\/\/linitiative.ca\/International\/wp-json\/wp\/v2\/comments?post=79368"}],"version-history":[{"count":0,"href":"https:\/\/linitiative.ca\/International\/wp-json\/wp\/v2\/posts\/79368\/revisions"}],"wp:attachment":[{"href":"https:\/\/linitiative.ca\/International\/wp-json\/wp\/v2\/media?parent=79368"}],"wp:term":[{"taxonomy":"category","embeddable":true,"href":"https:\/\/linitiative.ca\/International\/wp-json\/wp\/v2\/categories?post=79368"},{"taxonomy":"post_tag","embeddable":true,"href":"https:\/\/linitiative.ca\/International\/wp-json\/wp\/v2\/tags?post=79368"}],"curies":[{"name":"wp","href":"https:\/\/api.w.org\/{rel}","templated":true}]}}