{"id":79369,"date":"2020-03-17T16:18:05","date_gmt":"2020-03-17T20:18:05","guid":{"rendered":"https:\/\/linitiative.ca\/International\/le-cameroun-se-barricade-a-cause-du-coronavirus\/"},"modified":"2020-03-17T16:18:05","modified_gmt":"2020-03-17T20:18:05","slug":"le-cameroun-se-barricade-a-cause-du-coronavirus","status":"publish","type":"post","link":"https:\/\/linitiative.ca\/International\/le-cameroun-se-barricade-a-cause-du-coronavirus\/","title":{"rendered":"Le Cameroun se barricade \u00e0 cause du coronavirus"},"content":{"rendered":"<div readability=\"32\">\n<p>Publi\u00e9 le 17.03.2020 \u00e0 21h18 par APA News<\/p>\n<\/div>\n<div readability=\"88\">\n<p>Le Premier ministre camerounais, Joseph Dion Ngute, a annonc\u00e9 mardi en fin d\u2019apr\u00e8s-midi treize mesures, prises par le pr\u00e9sident Paul Biya, applicables d\u00e8s le lendemain et portant restriction de circulation des personnes en vue de barrer la route au coronavirus.Les fronti\u00e8res a\u00e9riennes, terrestres et maritimes du pays sont ainsi ferm\u00e9es et tous les vols suspendus \u00e0 l\u2019exception des cargos et les transports de biens essentiels. Une pause est \u00e9galement observ\u00e9e dans l\u2019octroi des visas d\u2019entr\u00e9e, alors que les \u00e9tablissements \u00e9ducatifs et professionnels, publics et priv\u00e9s, seront ferm\u00e9s.<\/p>\n<p>Dans le m\u00eame temps, les rassemblements de plus de 50 personnes sont prohib\u00e9s, les comp\u00e9titions scolaires et universitaires report\u00e9es et, d\u00e8s 18 heures, les d\u00e9bits de boisson et restaurants seront ferm\u00e9s.<\/p>\n<p>Et, alors que le syst\u00e8me d\u2019approvisionnement des march\u00e9s est mis sous contr\u00f4le afin d\u2019\u00e9viter les ruptures de stocks, les transports urbains et interurbains ne seront utilis\u00e9s qu\u2019en cas de n\u00e9cessit\u00e9 en \u00e9vitant les surcharges.<\/p>\n<p>Dans l\u2019administration publique, l\u2019option prise est celle de la communication par voie \u00e9lectronique pour des r\u00e9unions de plus de 10 personnes. La m\u00eame administration pourra, en tant que de besoin, r\u00e9quisitionner h\u00f4tels et autres facilit\u00e9s de logement et \u00e9quipements n\u00e9cessaires \u00e0 la r\u00e9ponse contre l\u2019\u00e9pid\u00e9mie.<\/p>\n<p>Le gouvernement, qui invite par ailleurs les populations au respect des mesures d\u2019hygi\u00e8ne recommand\u00e9es, a \u00e9galement suspendu les missions \u00e0 l\u2019\u00e9tranger pour les responsables des administrations publiques et para publiques. Les citoyens sont n\u00e9anmoins appel\u00e9s \u00e0 ne pas c\u00e9der \u00e0 la panique, mais \u00e0 faire preuve de discipline, de solidarit\u00e9 et de sens des responsabilit\u00e9s au moment o\u00f9 le monde entier traverse des moments difficiles.<\/p>\n<p>Cette s\u00e9rie de mesures, note-t-on, intervient alors que le ministre en charge de la Sant\u00e9 publique, Manaouda Malachie, jusque-l\u00e0 quasiment seul sur le front des messages de sensibilisation du public, annon\u00e7ait \u00abmalheureusement\u00bb, lundi, l\u2019enregistrement de 5 cas suppl\u00e9mentaires de coronavirus \u00e0 Yaound\u00e9, la capitale du pays, portant ainsi \u00e0 10 le nombre de malades dans le pays.<\/p>\n<\/div>\n<p>Auteur: APA News<br \/>\n<a href=\"https:\/\/www.journalducameroun.com\/le-cameroun-se-barricade-a-cause-du-coronavirus\/\">Cliquez ici pour lire l&rsquo;article depuis sa source.<\/a><\/p>\n","protected":false},"excerpt":{"rendered":"<p>Publi\u00e9 le 17.03.2020 \u00e0 21h18 par APA News Le Premier ministre camerounais, Joseph Dion Ngute, a annonc\u00e9 mardi en fin d\u2019apr\u00e8s-midi treize mesures, prises par le pr\u00e9sident Paul Biya, applicables d\u00e8s le lendemain et portant restriction de circulation des personnes en vue de barrer la route au coronavirus.Les fronti\u00e8res a\u00e9riennes, terrestres et maritimes du pays [&hellip;]<\/p>\n","protected":false},"author":1965,"featured_media":0,"comment_status":"closed","ping_status":"closed","sticky":false,"template":"","format":"standard","meta":{"fifu_image_url":"","fifu_image_alt":"","footnotes":""},"categories":[73,82],"tags":[],"class_list":["post-79369","post","type-post","status-publish","format-standard","hentry","category-actualite","category-cameroun"],"_links":{"self":[{"href":"https:\/\/linitiative.ca\/International\/wp-json\/wp\/v2\/posts\/79369","targetHints":{"allow":["GET"]}}],"collection":[{"href":"https:\/\/linitiative.ca\/International\/wp-json\/wp\/v2\/posts"}],"about":[{"href":"https:\/\/linitiative.ca\/International\/wp-json\/wp\/v2\/types\/post"}],"author":[{"embeddable":true,"href":"https:\/\/linitiative.ca\/International\/wp-json\/wp\/v2\/users\/1965"}],"replies":[{"embeddable":true,"href":"https:\/\/linitiative.ca\/International\/wp-json\/wp\/v2\/comments?post=79369"}],"version-history":[{"count":0,"href":"https:\/\/linitiative.ca\/International\/wp-json\/wp\/v2\/posts\/79369\/revisions"}],"wp:attachment":[{"href":"https:\/\/linitiative.ca\/International\/wp-json\/wp\/v2\/media?parent=79369"}],"wp:term":[{"taxonomy":"category","embeddable":true,"href":"https:\/\/linitiative.ca\/International\/wp-json\/wp\/v2\/categories?post=79369"},{"taxonomy":"post_tag","embeddable":true,"href":"https:\/\/linitiative.ca\/International\/wp-json\/wp\/v2\/tags?post=79369"}],"curies":[{"name":"wp","href":"https:\/\/api.w.org\/{rel}","templated":true}]}}