{"id":79370,"date":"2020-03-17T16:18:07","date_gmt":"2020-03-17T20:18:07","guid":{"rendered":"https:\/\/linitiative.ca\/International\/le-liberia-enregistre-un-deuxieme-cas-de-covid-19\/"},"modified":"2020-03-17T16:18:07","modified_gmt":"2020-03-17T20:18:07","slug":"le-liberia-enregistre-un-deuxieme-cas-de-covid-19","status":"publish","type":"post","link":"https:\/\/linitiative.ca\/International\/le-liberia-enregistre-un-deuxieme-cas-de-covid-19\/","title":{"rendered":"Le Liberia enregistre un deuxi\u00e8me cas de Covid-19"},"content":{"rendered":"<div readability=\"32\">\n<p>Publi\u00e9 le 17.03.2020 \u00e0 21h18 par APA News<\/p>\n<\/div>\n<div readability=\"50\">\n<p>Le gouvernement lib\u00e9rien a annonc\u00e9 dans un communiqu\u00e9, un deuxi\u00e8me Lib\u00e9rien a \u00e9t\u00e9 test\u00e9 positif au Coronavirus (COVD-19).Selon le Dr. Masoka Fallah, directeur par int\u00e9rim de l\u2019Institut national de sant\u00e9 publique du Lib\u00e9ria, le second cas est celui d\u2019une employ\u00e9e de maison de M. Nathaniel Blama, directeur ex\u00e9cutif de l\u2019Agence de protection de l\u2019environnement (EPA), suspendue, qui avait \u00e9t\u00e9 test\u00e9e positive au virus.<\/p>\n<p>\u00a0Le directeur par int\u00e9rim de l\u2019Institut national de sant\u00e9 publique du Lib\u00e9ria a d\u00e9clar\u00e9 que le travailleur domestique Johnny Philips \u00e9tait l\u2019un des principaux contacts de M. Blama lorsqu\u2019il est rentr\u00e9 chez lui depuis la Suisse. Il a d\u00e9clar\u00e9 que les autorit\u00e9s sanitaires continuaient \u00e0 rechercher et \u00e0 tester plusieurs contacts de M. Blama depuis son retour de Suisse.<\/p>\n<p>\u00a0Par ailleurs, le Dr Fallah exhorte les Lib\u00e9riens \u00e0 continuer \u00e0 respecter les protocoles sanitaires mis en place par les autorit\u00e9s sanitaires locales et internationales.<\/p>\n<\/div>\n<p>Auteur: APA News<br \/>\n<a href=\"https:\/\/www.journalducameroun.com\/le-liberia-enregistre-un-deuxieme-cas-de-covid-19\/\">Cliquez ici pour lire l&rsquo;article depuis sa source.<\/a><\/p>\n","protected":false},"excerpt":{"rendered":"<p>Publi\u00e9 le 17.03.2020 \u00e0 21h18 par APA News Le gouvernement lib\u00e9rien a annonc\u00e9 dans un communiqu\u00e9, un deuxi\u00e8me Lib\u00e9rien a \u00e9t\u00e9 test\u00e9 positif au Coronavirus (COVD-19).Selon le Dr. Masoka Fallah, directeur par int\u00e9rim de l\u2019Institut national de sant\u00e9 publique du Lib\u00e9ria, le second cas est celui d\u2019une employ\u00e9e de maison de M. Nathaniel Blama, directeur [&hellip;]<\/p>\n","protected":false},"author":1965,"featured_media":0,"comment_status":"closed","ping_status":"closed","sticky":false,"template":"","format":"standard","meta":{"fifu_image_url":"","fifu_image_alt":"","footnotes":""},"categories":[73,82],"tags":[],"class_list":["post-79370","post","type-post","status-publish","format-standard","hentry","category-actualite","category-cameroun"],"_links":{"self":[{"href":"https:\/\/linitiative.ca\/International\/wp-json\/wp\/v2\/posts\/79370","targetHints":{"allow":["GET"]}}],"collection":[{"href":"https:\/\/linitiative.ca\/International\/wp-json\/wp\/v2\/posts"}],"about":[{"href":"https:\/\/linitiative.ca\/International\/wp-json\/wp\/v2\/types\/post"}],"author":[{"embeddable":true,"href":"https:\/\/linitiative.ca\/International\/wp-json\/wp\/v2\/users\/1965"}],"replies":[{"embeddable":true,"href":"https:\/\/linitiative.ca\/International\/wp-json\/wp\/v2\/comments?post=79370"}],"version-history":[{"count":0,"href":"https:\/\/linitiative.ca\/International\/wp-json\/wp\/v2\/posts\/79370\/revisions"}],"wp:attachment":[{"href":"https:\/\/linitiative.ca\/International\/wp-json\/wp\/v2\/media?parent=79370"}],"wp:term":[{"taxonomy":"category","embeddable":true,"href":"https:\/\/linitiative.ca\/International\/wp-json\/wp\/v2\/categories?post=79370"},{"taxonomy":"post_tag","embeddable":true,"href":"https:\/\/linitiative.ca\/International\/wp-json\/wp\/v2\/tags?post=79370"}],"curies":[{"name":"wp","href":"https:\/\/api.w.org\/{rel}","templated":true}]}}