{"id":79371,"date":"2020-03-17T16:18:10","date_gmt":"2020-03-17T20:18:10","guid":{"rendered":"https:\/\/linitiative.ca\/International\/covid-19-le-chan-cameroun-2020-reporte-a-une-date-ulterieure-officiel\/"},"modified":"2020-03-17T16:18:10","modified_gmt":"2020-03-17T20:18:10","slug":"covid-19-le-chan-cameroun-2020-reporte-a-une-date-ulterieure-officiel","status":"publish","type":"post","link":"https:\/\/linitiative.ca\/International\/covid-19-le-chan-cameroun-2020-reporte-a-une-date-ulterieure-officiel\/","title":{"rendered":"Covid-19 : le CHAN \u00abCameroun 2020\u00bb report\u00e9 \u00ab\u00e0 une date ult\u00e9rieure\u00bb (officiel)"},"content":{"rendered":"<div readability=\"32\">\n<p>Publi\u00e9 le 17.03.2020 \u00e0 21h18 par APA News<\/p>\n<\/div>\n<div readability=\"61\">\n<p>Le gouvernement de Yaound\u00e9 et la Conf\u00e9d\u00e9ration africaine de football (CAF) ont annonc\u00e9, mardi de mani\u00e8re concomitante et suite \u00e0 la pand\u00e9mie du coronavirus, le report \u00ab\u00e0 une date ult\u00e9rieure\u00bb du Championnat d\u2019Afrique des nations de la discipline (CHAN) pr\u00e9vu du 4 au 25 avril 2020.Dans un communiqu\u00e9 publi\u00e9 \u00e0 l\u2019issue d\u2019une session ordinaire tenue le m\u00eame jour, le Comit\u00e9 local d\u2019organisation (Cocan) de la comp\u00e9tition \u00e9voque des \u00abconsid\u00e9rations critiques li\u00e9es \u00e0 cette urgence de sant\u00e9 publique internationale\u00bb, mais aussi \u00abun cas de force majeure\u00bb ayant rendu n\u00e9cessaire le r\u00e9am\u00e9nagement du calendrier de ladite comp\u00e9tition.<\/p>\n<p>\u00a0\u00abDans cette perspective, les nouvelles dates (\u2026) seront arr\u00eat\u00e9es en fonction de l\u2019\u00e9volution de la situation et communiqu\u00e9es en temps opportun\u00bb, pr\u00e9cise le document sign\u00e9 du ministre des Sports (Minsep), Narcisse Mouell\u00e8 Kombi.<\/p>\n<p>\u00a0Quelques heures auparavant, le comit\u00e9 d\u2019urgence de la CAF avait, \u00ab\u00e0 l\u2019unanimit\u00e9\u00bb, d\u00e9j\u00e0 adress\u00e9 une correspondance aux associations nationales qualifi\u00e9es pour le CHAN 2020, dans laquelle il s\u2019appuie sur une pr\u00e9occupation croissante li\u00e9e au virus Covid-19 et au rapport de la visite d\u2019inspection m\u00e9dicale r\u00e9cemment conduite dans le pays h\u00f4te.<\/p>\n<p>\u00a0Afin d\u2019\u00e9viter \u00abtout risque inutile\u00bb, ladite instance indique que la Conf\u00e9d\u00e9ration surveille la situation de pr\u00e8s et travaille avec les autorit\u00e9s comp\u00e9tentes telles que l\u2019Organisation mondiale de la sant\u00e9 (OMS) sur l\u2019impact du virus sur le continent et les comp\u00e9titions de la CAF. Elle assure \u00e9galement les destinataires de sa correspondance de ce qu\u2019elle \u00abproposera les nouvelles dates potentielles en temps voulu et en fonction de l\u2019am\u00e9lioration de la situation\u00bb.<\/p>\n<\/div>\n<p>Auteur: APA News<br \/>\n<a href=\"https:\/\/www.journalducameroun.com\/covid-19-le-chan-cameroun-2020-reporte-a-une-date-ulterieure-officiel\/\">Cliquez ici pour lire l&rsquo;article depuis sa source.<\/a><\/p>\n","protected":false},"excerpt":{"rendered":"<p>Publi\u00e9 le 17.03.2020 \u00e0 21h18 par APA News Le gouvernement de Yaound\u00e9 et la Conf\u00e9d\u00e9ration africaine de football (CAF) ont annonc\u00e9, mardi de mani\u00e8re concomitante et suite \u00e0 la pand\u00e9mie du coronavirus, le report \u00ab\u00e0 une date ult\u00e9rieure\u00bb du Championnat d\u2019Afrique des nations de la discipline (CHAN) pr\u00e9vu du 4 au 25 avril 2020.Dans un [&hellip;]<\/p>\n","protected":false},"author":1965,"featured_media":0,"comment_status":"closed","ping_status":"closed","sticky":false,"template":"","format":"standard","meta":{"fifu_image_url":"","fifu_image_alt":"","footnotes":""},"categories":[73,82],"tags":[],"class_list":["post-79371","post","type-post","status-publish","format-standard","hentry","category-actualite","category-cameroun"],"_links":{"self":[{"href":"https:\/\/linitiative.ca\/International\/wp-json\/wp\/v2\/posts\/79371","targetHints":{"allow":["GET"]}}],"collection":[{"href":"https:\/\/linitiative.ca\/International\/wp-json\/wp\/v2\/posts"}],"about":[{"href":"https:\/\/linitiative.ca\/International\/wp-json\/wp\/v2\/types\/post"}],"author":[{"embeddable":true,"href":"https:\/\/linitiative.ca\/International\/wp-json\/wp\/v2\/users\/1965"}],"replies":[{"embeddable":true,"href":"https:\/\/linitiative.ca\/International\/wp-json\/wp\/v2\/comments?post=79371"}],"version-history":[{"count":0,"href":"https:\/\/linitiative.ca\/International\/wp-json\/wp\/v2\/posts\/79371\/revisions"}],"wp:attachment":[{"href":"https:\/\/linitiative.ca\/International\/wp-json\/wp\/v2\/media?parent=79371"}],"wp:term":[{"taxonomy":"category","embeddable":true,"href":"https:\/\/linitiative.ca\/International\/wp-json\/wp\/v2\/categories?post=79371"},{"taxonomy":"post_tag","embeddable":true,"href":"https:\/\/linitiative.ca\/International\/wp-json\/wp\/v2\/tags?post=79371"}],"curies":[{"name":"wp","href":"https:\/\/api.w.org\/{rel}","templated":true}]}}