{"id":79372,"date":"2020-03-17T17:18:07","date_gmt":"2020-03-17T21:18:07","guid":{"rendered":"https:\/\/linitiative.ca\/International\/maroc-le-bilan-porte-a-44-cas-de-contamination-au-covid-19\/"},"modified":"2020-03-17T17:18:07","modified_gmt":"2020-03-17T21:18:07","slug":"maroc-le-bilan-porte-a-44-cas-de-contamination-au-covid-19","status":"publish","type":"post","link":"https:\/\/linitiative.ca\/International\/maroc-le-bilan-porte-a-44-cas-de-contamination-au-covid-19\/","title":{"rendered":"Maroc : Le bilan port\u00e9 \u00e0 44 cas de contamination au Covid-19"},"content":{"rendered":"<div readability=\"32\">\n<p>Publi\u00e9 le 17.03.2020 \u00e0 22h18 par APA News<\/p>\n<\/div>\n<div readability=\"66\">\n<p>Le Maroc a enregistr\u00e9 mardi six nouveaux cas de contamination au coronavirus, ce qui porte le bilan \u00e0 44 cas, indique un communiqu\u00e9 du minist\u00e8re de la sant\u00e9.Les nouveaux cas confirm\u00e9s ont tous \u00e9t\u00e9 import\u00e9s et ont \u00e9t\u00e9 enregistr\u00e9s \u00e0 Tanger (2), Oujda (1), Rabat (1), Settat (1) et Guelmim (1), annonce le minist\u00e8re.<\/p>\n<p>Les 6 nouveaux cas confirm\u00e9s s\u2019ajoutent au cas annonc\u00e9 dans la matin\u00e9e, ce qui porte le total \u00e0 7 nouveaux cas enregistr\u00e9s. Le bilan depuis le d\u00e9but s\u2019\u00e9l\u00e8ve \u00e0 44 cas de contamination au Coronavirus, dont 1 gu\u00e9ri et 2 d\u00e9c\u00e9d\u00e9s.<\/p>\n<p>La propagation se poursuit, \u00e0 un rythme plus ou moins similaire \u00e0 celui des derniers jours. La majorit\u00e9 des cas recens\u00e9s sont import\u00e9s, le nombre de contaminations locales demeurant faible.<\/p>\n<p>Le Maroc a pris une batterie de mesures pour enrayer la propagation du Covid-19 notamment la fermeture de l\u2019espace a\u00e9rien et maritime marocain devant les voyageurs, l\u2019annulation des rassemblements et des manifestations sportives, culturelles et artistiques, la cr\u00e9ation d\u2019un Fonds sp\u00e9cial pour la gestion de la pand\u00e9mie, la suspension des cours dans les \u00e9coles et les universit\u00e9s, la fermeture provisoire des mosqu\u00e9es, la suspension des audiences dans les diff\u00e9rents tribunaux du Royaume.<\/p>\n<p>D\u2019autres mesures ont \u00e9t\u00e9 prises par les autorit\u00e9s comp\u00e9tentes dans le domaine des transports publics et la fermeture des espaces publics non n\u00e9cessaires.<\/p>\n<\/div>\n<p>Auteur: APA News<br \/>\n<a href=\"https:\/\/www.journalducameroun.com\/maroc-le-bilan-porte-a-44-cas-de-contamination-au-covid-19\/\">Cliquez ici pour lire l&rsquo;article depuis sa source.<\/a><\/p>\n","protected":false},"excerpt":{"rendered":"<p>Publi\u00e9 le 17.03.2020 \u00e0 22h18 par APA News Le Maroc a enregistr\u00e9 mardi six nouveaux cas de contamination au coronavirus, ce qui porte le bilan \u00e0 44 cas, indique un communiqu\u00e9 du minist\u00e8re de la sant\u00e9.Les nouveaux cas confirm\u00e9s ont tous \u00e9t\u00e9 import\u00e9s et ont \u00e9t\u00e9 enregistr\u00e9s \u00e0 Tanger (2), Oujda (1), Rabat (1), Settat [&hellip;]<\/p>\n","protected":false},"author":1965,"featured_media":0,"comment_status":"closed","ping_status":"closed","sticky":false,"template":"","format":"standard","meta":{"fifu_image_url":"","fifu_image_alt":"","footnotes":""},"categories":[73,82],"tags":[],"class_list":["post-79372","post","type-post","status-publish","format-standard","hentry","category-actualite","category-cameroun"],"_links":{"self":[{"href":"https:\/\/linitiative.ca\/International\/wp-json\/wp\/v2\/posts\/79372","targetHints":{"allow":["GET"]}}],"collection":[{"href":"https:\/\/linitiative.ca\/International\/wp-json\/wp\/v2\/posts"}],"about":[{"href":"https:\/\/linitiative.ca\/International\/wp-json\/wp\/v2\/types\/post"}],"author":[{"embeddable":true,"href":"https:\/\/linitiative.ca\/International\/wp-json\/wp\/v2\/users\/1965"}],"replies":[{"embeddable":true,"href":"https:\/\/linitiative.ca\/International\/wp-json\/wp\/v2\/comments?post=79372"}],"version-history":[{"count":0,"href":"https:\/\/linitiative.ca\/International\/wp-json\/wp\/v2\/posts\/79372\/revisions"}],"wp:attachment":[{"href":"https:\/\/linitiative.ca\/International\/wp-json\/wp\/v2\/media?parent=79372"}],"wp:term":[{"taxonomy":"category","embeddable":true,"href":"https:\/\/linitiative.ca\/International\/wp-json\/wp\/v2\/categories?post=79372"},{"taxonomy":"post_tag","embeddable":true,"href":"https:\/\/linitiative.ca\/International\/wp-json\/wp\/v2\/tags?post=79372"}],"curies":[{"name":"wp","href":"https:\/\/api.w.org\/{rel}","templated":true}]}}