{"id":79383,"date":"2020-03-18T13:04:10","date_gmt":"2020-03-18T17:04:10","guid":{"rendered":"https:\/\/linitiative.ca\/International\/covid19-adaptation-avec-la-situation-actuelle-pour-prendre-en-charge-le-secteur-de-la-culture\/"},"modified":"2020-03-18T13:04:10","modified_gmt":"2020-03-18T17:04:10","slug":"covid19-adaptation-avec-la-situation-actuelle-pour-prendre-en-charge-le-secteur-de-la-culture","status":"publish","type":"post","link":"https:\/\/linitiative.ca\/International\/covid19-adaptation-avec-la-situation-actuelle-pour-prendre-en-charge-le-secteur-de-la-culture\/","title":{"rendered":"Covid19: adaptation avec la situation actuelle pour prendre en charge le secteur de la culture"},"content":{"rendered":"<div readability=\"37\">\n<p><strong>ALGER &#8211; La ministre de la Culture, Malika Bendouda a affirm\u00e9, mardi, que ses services \u00ab\u00a0contribueront par une campagne de sensibilisation en associant des plasticiens et des artistes en vue d&rsquo;all\u00e9ger la peur et de semer la qui\u00e9tude face \u00e0 la pand\u00e9mie du coronavirus\u00a0\u00bb.<\/strong><\/p>\n<\/div>\n<div readability=\"73.6766398159\">\n<p>S&rsquo;exprimant \u00e0 l&rsquo;APS en marge de l&rsquo;audience qu&rsquo;elle a accord\u00e9e \u00e0 des \u00e9crivains et des artistes au si\u00e8ge du minist\u00e8re, la ministre a indiqu\u00e9 que son d\u00e9partement \u00ab\u00a0est en passe d&rsquo;adopter une nouvelle approche pour parrainer l&rsquo;activit\u00e9 culturelle hors des cadres et espaces traditionnels\u00a0\u00bb et ce en harmonie avec la situation g\u00e9n\u00e9rale que vit le pays et le monde\u00a0\u00bb, soulignant que cette \u00e9preuve est \u00ab\u00a0une opportunit\u00e9 pour se retrouver en famille\u00a0\u00bb.<\/p>\n<p>Dans le cadre de l&rsquo;action administrative et organisationnelle du minist\u00e8re, Mme Bendouda a indiqu\u00e9 que ses services exploiteront cette situation pour organiser calmement \u00ab\u00a0la maison de la culture\u00a0\u00bb loin de toutes d\u00e9cisions forc\u00e9es ou d&rsquo;urgence\u00a0\u00bb, ajoutant que cette situation \u00ab\u00a0est une opportunit\u00e9 pour suivre et r\u00e9gler les probl\u00e8mes et insuffler une nouvelle dynamique pour la culture\u00a0\u00bb.<\/p>\n<p>Pour ce qui est des d\u00e9cisions importantes \u00e0 prendre pour continuer les activit\u00e9s culturelles apr\u00e8s cette p\u00e9riode de suspension, la ministre a affirm\u00e9 que le minist\u00e8re lancera \u00ab\u00a0divers concours de lecture pour y associer le public\u00a0\u00bb.<\/p>\n<blockquote readability=\"11\">\n<p><em><strong>\u00ab\u00a0La situation actuelle nous fait subir une \u00e9preuve de parcours qui ont \u00e9t\u00e9 abandonn\u00e9s\u00a0\u00bb, a ajout\u00e9 la ministre, pr\u00e9cisant que \u00ab\u00a0les probl\u00e8mes et les contraintes du num\u00e9rique peuvent \u00eatre revus, un mobile pour relancer les plateformes interactives et pourquoi pas pr\u00e9senter des spectacles interactifs \u00e0 distance\u00a0\u00bb.<\/strong><\/em><\/p>\n<\/blockquote>\n<hr\/>\n<h3>Lire aussi:\u00a0<a href=\"http:\/\/www.aps.dz\/sante-science-technologie\/103138-covid-19-1-nouveau-cas-de-deces-en-algerie\" target=\"_blank\" rel=\"noopener noreferrer\">COVID-19: 1 nouveau cas de d\u00e9c\u00e8s en Alg\u00e9rie<\/a><\/h3>\n<hr\/>\n<p>Mme Bendouda a fait savoir que son d\u00e9partement minist\u00e9riel s&rsquo;att\u00e8le \u00e0 \u00ab\u00a0la recherche de porteurs d&rsquo;id\u00e9es \u00e0 m\u00eame d&rsquo;op\u00e9rer un changement et apporter un suppl\u00e9ment \u00e0 la culture alg\u00e9rienne dans tous ses domaines\u00a0\u00bb, soulignant \u00ab\u00a0sa foi en les capacit\u00e9s des jeunes dans tous les domaines culturels\u00a0\u00bb.<\/p>\n<blockquote readability=\"9\">\n<p><em><strong>Exprimant leur m\u00e9contentement vis-\u00e0-vis de la r\u00e9alit\u00e9 du livre en Alg\u00e9rie notamment en ce qui concerne les difficult\u00e9s rencontr\u00e9es en mati\u00e8re de publication et de commercialisation, les acteurs en question ont plaid\u00e9 pour \u00ab\u00a0l&rsquo;ouverture d&rsquo;ateliers de r\u00e9flexion dans les domaines culturels et la r\u00e9vision de la taxe sur le livre\u00a0\u00bb.<\/strong><\/em><\/p>\n<\/blockquote>\n<p>Soulevant, dans ce sens, les pr\u00e9occupations des \u00e9crivains \u00e0 la ministre, ces acteurs se sont plaint de \u00ab\u00a0leur absence d&rsquo;ordre juridique\u00a0\u00bb en tant que titulaire \u00ab\u00a0d&rsquo;un produit culturel important\u00a0\u00bb, appelant \u00e0 \u00ab\u00a0la redynamisation du r\u00f4le des instances en charge des \u00e9crivains, \u00e0 leur t\u00eate le Centre national du livre (CNL).<\/p>\n<p>La ministre organise une r\u00e9ception aux acteurs des diff\u00e9rents domaines culturels sous forme de s\u00e9ances de d\u00e9bat \u00e0 m\u00eame de mettre la lumi\u00e8re sur les probl\u00e8mes du secteur.<\/p>\n<\/div>\n<p>Auteur:<br \/>\n<a href=\"http:\/\/www.aps.dz\/culture\/103160-covid19-adaptation-avec-la-situation-actuelle-pour-prendre-en-charge-le-secteur-de-la-culture\">Cliquez ici pour lire l&rsquo;article depuis sa source.<\/a><\/p>\n","protected":false},"excerpt":{"rendered":"<p>ALGER &#8211; La ministre de la Culture, Malika Bendouda a affirm\u00e9, mardi, que ses services \u00ab\u00a0contribueront par une campagne de sensibilisation en associant des plasticiens et des artistes en vue d&rsquo;all\u00e9ger la peur et de semer la qui\u00e9tude face \u00e0 la pand\u00e9mie du coronavirus\u00a0\u00bb. S&rsquo;exprimant \u00e0 l&rsquo;APS en marge de l&rsquo;audience qu&rsquo;elle a accord\u00e9e \u00e0 [&hellip;]<\/p>\n","protected":false},"author":1790,"featured_media":0,"comment_status":"closed","ping_status":"closed","sticky":false,"template":"","format":"standard","meta":{"fifu_image_url":"","fifu_image_alt":"","footnotes":""},"categories":[53,79],"tags":[],"class_list":["post-79383","post","type-post","status-publish","format-standard","hentry","category-algerie","category-culture"],"_links":{"self":[{"href":"https:\/\/linitiative.ca\/International\/wp-json\/wp\/v2\/posts\/79383","targetHints":{"allow":["GET"]}}],"collection":[{"href":"https:\/\/linitiative.ca\/International\/wp-json\/wp\/v2\/posts"}],"about":[{"href":"https:\/\/linitiative.ca\/International\/wp-json\/wp\/v2\/types\/post"}],"author":[{"embeddable":true,"href":"https:\/\/linitiative.ca\/International\/wp-json\/wp\/v2\/users\/1790"}],"replies":[{"embeddable":true,"href":"https:\/\/linitiative.ca\/International\/wp-json\/wp\/v2\/comments?post=79383"}],"version-history":[{"count":0,"href":"https:\/\/linitiative.ca\/International\/wp-json\/wp\/v2\/posts\/79383\/revisions"}],"wp:attachment":[{"href":"https:\/\/linitiative.ca\/International\/wp-json\/wp\/v2\/media?parent=79383"}],"wp:term":[{"taxonomy":"category","embeddable":true,"href":"https:\/\/linitiative.ca\/International\/wp-json\/wp\/v2\/categories?post=79383"},{"taxonomy":"post_tag","embeddable":true,"href":"https:\/\/linitiative.ca\/International\/wp-json\/wp\/v2\/tags?post=79383"}],"curies":[{"name":"wp","href":"https:\/\/api.w.org\/{rel}","templated":true}]}}