{"id":79386,"date":"2020-03-18T06:00:00","date_gmt":"2020-03-18T10:00:00","guid":{"rendered":"https:\/\/linitiative.ca\/International\/le-plan-de-lonu-et-de-lua-pour-le-darfour-inquiete-les-ong\/"},"modified":"2020-03-18T06:00:00","modified_gmt":"2020-03-18T10:00:00","slug":"le-plan-de-lonu-et-de-lua-pour-le-darfour-inquiete-les-ong","status":"publish","type":"post","link":"https:\/\/linitiative.ca\/International\/le-plan-de-lonu-et-de-lua-pour-le-darfour-inquiete-les-ong\/","title":{"rendered":"Le plan de l\u2019ONU et de l\u2019UA pour le Darfour inqui\u00e8te les ONG"},"content":{"rendered":"<div id=\"originalText\" readability=\"85\">\n<p><strong>Le Conseil de paix et de s\u00e9curit\u00e9 de l\u2019UA a \u201cr\u00e9it\u00e9r\u00e9 ses appels \u00e0 la plus grande prudence avec laquelle il convient de poursuivre le retrait de la Minuad, afin de pr\u00e9server les acquis et d\u2019\u00e9viter la rechute et le vide s\u00e9curitaire\u201d.<\/strong><\/p>\n<p>L\u2019ONG de d\u00e9fense des droits de l\u2019homme Human Rights Watch (HRW) s\u2019est inqui\u00e9t\u00e9e de nouveau de la d\u00e9cision de l\u2019ONU de revoir son d\u00e9ploiement militaire au Soudan, qui inclut une baisse de sa pr\u00e9sence militaire dans la r\u00e9gion du Darfour. Dans un rapport publi\u00e9 lundi soir, co\u00efncidant avec la r\u00e9union du Conseil de s\u00e9curit\u00e9 de l\u2019ONU qui devait se tenir hier (mais annul\u00e9 pour cause de pand\u00e9mie de coronavirus), l\u2019ONG affirme que \u201cla proposition des Nations unies et de l\u2019Union africaine (UA) de limiter le r\u00f4le protecteur de l\u2019ONU au Soudan menace la s\u00e9curit\u00e9 des civils au Darfour\u201d, une province qui a v\u00e9cu la guerre durant le r\u00e8gne de l\u2019ancien pr\u00e9sident d\u00e9chu Omar al-Bachir.<\/p>\n<p>\u201cS\u2019il d\u00e9cide d\u2019autoriser le d\u00e9ploiement d\u2019une nouvelle mission de l\u2019ONU pour la totalit\u00e9 du Soudan, le Conseil de s\u00e9curit\u00e9 devrait y inclure des unit\u00e9s de police arm\u00e9es qui auraient la capacit\u00e9 de prot\u00e9ger les civils, des militaires de maintien de la paix capables de r\u00e9agir rapidement \u00e0 des menaces lorsqu\u2019elles se pr\u00e9senteraient, ainsi que des \u00e9quipes mobiles de surveillance des droits humains bas\u00e9s au Darfour\u201d, a affirm\u00e9 Human Rights Watch, expliquant que \u201cle Darfour n\u2019est pas comme les autres r\u00e9gions du Soudan\u201d, selon Kenneth Roth, directeur ex\u00e9cutif de HRW. \u201cLe Conseil de s\u00e9curit\u00e9 de l\u2019ONU devrait reconna\u00eetre que le Darfour n\u00e9cessite un retrait beaucoup plus graduel et maintenir une pr\u00e9sence s\u00e9curitaire sur le terrain afin de prot\u00e9ger les civils de mani\u00e8re active.<\/p>\n<p>Les violences pass\u00e9es dans cette r\u00e9gion, et celles qui s\u2019y produisent encore, font que les civils ne peuvent faire confiance aux seules forces de s\u00e9curit\u00e9 soudanaises et ont encore besoin de militaires de maintien de la paix pour leur protection\u201d, a-t-il insist\u00e9. De nombreuses violences intercommunautaires continuent d\u2019endeuiller les populations locales depuis la chute de l\u2019ancien r\u00e9gime d\u2019al-Bachir. Le retrait des troupes de maintien de la paix de l\u2019ONU de certains camps a laiss\u00e9 place \u00e0 l\u2019implantation de certains groupes d\u2019autod\u00e9fense, dont les d\u00e9passements parfois meurtriers contre des populations isol\u00e9es sont r\u00e9guli\u00e8rement rapport\u00e9s par des ONG et responsables locaux.<\/p>\n<p>Pourtant, les autorit\u00e9s int\u00e9rimaires \u00e0 Khartoum avaient demand\u00e9 \u00e0 l\u2019ONU de reporter le retrait de la mission conjointe de maintien de la paix de l\u2019ONU et de l\u2019UA au Darfour (Minuad), en vain. \u201c\u00c0 El Geneina, au Darfour occidental, des affrontements ont \u00e9clat\u00e9 entre membres des communaut\u00e9s arabe et masalit en d\u00e9cembre 2019, six mois apr\u00e8s que les forces de la Minuad eurent \u00e9vacu\u00e9 leur base dans ce secteur\u201d, a rappel\u00e9 HRW, pr\u00e9cisant que \u201cdes groupes arm\u00e9s arabes, dont des membres des Forces d\u2019appui rapide, un groupe paramilitaire soudanais, ont attaqu\u00e9 un camp de personnes d\u00e9plac\u00e9es et tu\u00e9 des dizaines d\u2019habitants, dont des enfants, viol\u00e9 des femmes et des filles, d\u00e9truit des \u00e9coles et incendi\u00e9 des maisons, mettant en fuite des dizaines de milliers de personnes\u201d. Les d\u00e9plac\u00e9s vivent toujours dans des \u00e9coles, avec un minimum de moyens de subsistance.<\/p>\n<p class=\"c6\"><strong>Ly\u00e8s Menacer<\/strong><\/p>\n<\/div>\n<div id=\"text_core\" readability=\"85\">\n<p><strong>Le Conseil de paix et de s\u00e9curit\u00e9 de l\u2019UA a \u201cr\u00e9it\u00e9r\u00e9 ses appels \u00e0 la plus grande prudence avec laquelle il convient de poursuivre le retrait de la Minuad, afin de pr\u00e9server les acquis et d\u2019\u00e9viter la rechute et le vide s\u00e9curitaire\u201d.<\/strong><\/p>\n<p>L\u2019ONG de d\u00e9fense des droits de l\u2019homme Human Rights Watch (HRW) s\u2019est inqui\u00e9t\u00e9e de nouveau de la d\u00e9cision de l\u2019ONU de revoir son d\u00e9ploiement militaire au Soudan, qui inclut une baisse de sa pr\u00e9sence militaire dans la r\u00e9gion du Darfour. Dans un rapport publi\u00e9 lundi soir, co\u00efncidant avec la r\u00e9union du Conseil de s\u00e9curit\u00e9 de l\u2019ONU qui devait se tenir hier (mais annul\u00e9 pour cause de pand\u00e9mie de coronavirus), l\u2019ONG affirme que \u201cla proposition des Nations unies et de l\u2019Union africaine (UA) de limiter le r\u00f4le protecteur de l\u2019ONU au Soudan menace la s\u00e9curit\u00e9 des civils au Darfour\u201d, une province qui a v\u00e9cu la guerre durant le r\u00e8gne de l\u2019ancien pr\u00e9sident d\u00e9chu Omar al-Bachir.<\/p>\n<p>\u201cS\u2019il d\u00e9cide d\u2019autoriser le d\u00e9ploiement d\u2019une nouvelle mission de l\u2019ONU pour la totalit\u00e9 du Soudan, le Conseil de s\u00e9curit\u00e9 devrait y inclure des unit\u00e9s de police arm\u00e9es qui auraient la capacit\u00e9 de prot\u00e9ger les civils, des militaires de maintien de la paix capables de r\u00e9agir rapidement \u00e0 des menaces lorsqu\u2019elles se pr\u00e9senteraient, ainsi que des \u00e9quipes mobiles de surveillance des droits humains bas\u00e9s au Darfour\u201d, a affirm\u00e9 Human Rights Watch, expliquant que \u201cle Darfour n\u2019est pas comme les autres r\u00e9gions du Soudan\u201d, selon Kenneth Roth, directeur ex\u00e9cutif de HRW. \u201cLe Conseil de s\u00e9curit\u00e9 de l\u2019ONU devrait reconna\u00eetre que le Darfour n\u00e9cessite un retrait beaucoup plus graduel et maintenir une pr\u00e9sence s\u00e9curitaire sur le terrain afin de prot\u00e9ger les civils de mani\u00e8re active.<\/p>\n<p>Les violences pass\u00e9es dans cette r\u00e9gion, et celles qui s\u2019y produisent encore, font que les civils ne peuvent faire confiance aux seules forces de s\u00e9curit\u00e9 soudanaises et ont encore besoin de militaires de maintien de la paix pour leur protection\u201d, a-t-il insist\u00e9. De nombreuses violences intercommunautaires continuent d\u2019endeuiller les populations locales depuis la chute de l\u2019ancien r\u00e9gime d\u2019al-Bachir. Le retrait des troupes de maintien de la paix de l\u2019ONU de certains camps a laiss\u00e9 place \u00e0 l\u2019implantation de certains groupes d\u2019autod\u00e9fense, dont les d\u00e9passements parfois meurtriers contre des populations isol\u00e9es sont r\u00e9guli\u00e8rement rapport\u00e9s par des ONG et responsables locaux.<\/p>\n<p>Pourtant, les autorit\u00e9s int\u00e9rimaires \u00e0 Khartoum avaient demand\u00e9 \u00e0 l\u2019ONU de reporter le retrait de la mission conjointe de maintien de la paix de l\u2019ONU et de l\u2019UA au Darfour (Minuad), en vain. \u201c\u00c0 El Geneina, au Darfour occidental, des affrontements ont \u00e9clat\u00e9 entre membres des communaut\u00e9s arabe et masalit en d\u00e9cembre 2019, six mois apr\u00e8s que les forces de la Minuad eurent \u00e9vacu\u00e9 leur base dans ce secteur\u201d, a rappel\u00e9 HRW, pr\u00e9cisant que \u201cdes groupes arm\u00e9s arabes, dont des membres des Forces d\u2019appui rapide, un groupe paramilitaire soudanais, ont attaqu\u00e9 un camp de personnes d\u00e9plac\u00e9es et tu\u00e9 des dizaines d\u2019habitants, dont des enfants, viol\u00e9 des femmes et des filles, d\u00e9truit des \u00e9coles et incendi\u00e9 des maisons, mettant en fuite des dizaines de milliers de personnes\u201d. Les d\u00e9plac\u00e9s vivent toujours dans des \u00e9coles, avec un minimum de moyens de subsistance.<\/p>\n<p class=\"c6\"><strong>Ly\u00e8s Menacer<\/strong><\/p>\n<\/div>\n<p>Auteur:<br \/>\n<a href=\"https:\/\/www.liberte-algerie.com\/international\/le-plan-de-lonu-et-de-lua-pour-le-darfour-inquiete-les-ong-336128\">Cliquez ici pour lire l&rsquo;article depuis sa source.<\/a><\/p>\n","protected":false},"excerpt":{"rendered":"<p>Le Conseil de paix et de s\u00e9curit\u00e9 de l\u2019UA a \u201cr\u00e9it\u00e9r\u00e9 ses appels \u00e0 la plus grande prudence avec laquelle il convient de poursuivre le retrait de la Minuad, afin de pr\u00e9server les acquis et d\u2019\u00e9viter la rechute et le vide s\u00e9curitaire\u201d. L\u2019ONG de d\u00e9fense des droits de l\u2019homme Human Rights Watch (HRW) s\u2019est inqui\u00e9t\u00e9e [&hellip;]<\/p>\n","protected":false},"author":1742,"featured_media":0,"comment_status":"closed","ping_status":"closed","sticky":false,"template":"","format":"standard","meta":{"fifu_image_url":"","fifu_image_alt":"","footnotes":""},"categories":[73,53],"tags":[],"class_list":["post-79386","post","type-post","status-publish","format-standard","hentry","category-actualite","category-algerie"],"_links":{"self":[{"href":"https:\/\/linitiative.ca\/International\/wp-json\/wp\/v2\/posts\/79386","targetHints":{"allow":["GET"]}}],"collection":[{"href":"https:\/\/linitiative.ca\/International\/wp-json\/wp\/v2\/posts"}],"about":[{"href":"https:\/\/linitiative.ca\/International\/wp-json\/wp\/v2\/types\/post"}],"author":[{"embeddable":true,"href":"https:\/\/linitiative.ca\/International\/wp-json\/wp\/v2\/users\/1742"}],"replies":[{"embeddable":true,"href":"https:\/\/linitiative.ca\/International\/wp-json\/wp\/v2\/comments?post=79386"}],"version-history":[{"count":0,"href":"https:\/\/linitiative.ca\/International\/wp-json\/wp\/v2\/posts\/79386\/revisions"}],"wp:attachment":[{"href":"https:\/\/linitiative.ca\/International\/wp-json\/wp\/v2\/media?parent=79386"}],"wp:term":[{"taxonomy":"category","embeddable":true,"href":"https:\/\/linitiative.ca\/International\/wp-json\/wp\/v2\/categories?post=79386"},{"taxonomy":"post_tag","embeddable":true,"href":"https:\/\/linitiative.ca\/International\/wp-json\/wp\/v2\/tags?post=79386"}],"curies":[{"name":"wp","href":"https:\/\/api.w.org\/{rel}","templated":true}]}}