{"id":79393,"date":"2020-03-18T12:19:47","date_gmt":"2020-03-18T16:19:47","guid":{"rendered":"https:\/\/linitiative.ca\/International\/parquet-pres-la-cour-dappel-des-mesures-contre-covid-19\/"},"modified":"2020-03-18T12:19:47","modified_gmt":"2020-03-18T16:19:47","slug":"parquet-pres-la-cour-dappel-des-mesures-contre-covid-19","status":"publish","type":"post","link":"https:\/\/linitiative.ca\/International\/parquet-pres-la-cour-dappel-des-mesures-contre-covid-19\/","title":{"rendered":"Parquet pr\u00e8s la Cour d\u2019appel: Des mesures contre Covid-19"},"content":{"rendered":"<div readability=\"36\">\n<p>Safi \u2013 Le Parquet pr\u00e8s la Cour d\u2019appel de Safi a annonc\u00e9 une batterie de nouvelles mesures visant \u00e0 r\u00e9duire l\u2019affluence des citoyens et des justiciables aux juridictions relevant de cette circonscription judiciaire et ce, dans le cadre de son adh\u00e9sion aux efforts visant \u00e0 lutter contre la propagation du nouveau coronavirus (Covid-19).<\/p>\n<\/div>\n<div readability=\"74\">\n<p>Ces proc\u00e9dures \u00ab\u00a0qui visent \u00e0 pr\u00e9venir la propagation du Covid-19, sont en phase avec les mesures de pr\u00e9caution et de pr\u00e9vention urgentes d\u00e9cr\u00e9t\u00e9es par le gouvernement, et ont pour objectif de pr\u00e9server la sant\u00e9 et la s\u00e9curit\u00e9 de tous les citoyens et intervenants dans le domaine de la justice\u00a0\u00bb, a pr\u00e9cis\u00e9 le Procureur g\u00e9n\u00e9ral du Roi pr\u00e8s la Cour d\u2019appel de Safi dans un communiqu\u00e9.<\/p>\n<p>Le Procureur g\u00e9n\u00e9ral du Roi a, en outre, appel\u00e9 \u00ab\u00a0l\u2019ensemble des citoyens \u00e0 la forte adh\u00e9sion et contribution avec responsabilit\u00e9 et patriotisme, et \u00e0 l\u2019interaction positive avec les diff\u00e9rentes directives et mesures prises pour la gestion de cette situation d\u2019urgence exceptionnelle\u00a0\u00bb.<\/p>\n<p>Dans ce cadre, le Parquet a \u00e9tabli des canaux de communication \u00e0 distance pour le d\u00e9p\u00f4t des plaintes et dol\u00e9ances, l\u2019acc\u00e8s aux informations dont les citoyens ont besoin sans avoir \u00e0 se rendre aux si\u00e8ges des parquets, l\u2019obtention de certains renseignements et la r\u00e9ponse \u00e0 des questions urgentes.<\/p>\n<p>Les num\u00e9ros de t\u00e9l\u00e9phone, de fax et courriers \u00e9lectroniques destin\u00e9s \u00e0 cet effet sont les suivants :.<\/p>\n<p>-Le Parquet pr\u00e8s la Cour d\u2019appel de Safi :.<\/p>\n<p>Num\u00e9ro de t\u00e9l\u00e9phone : 05.24.62.36.80\/ 06.68.60.32.55\/ 05.24.62.37.93<\/p>\n<p>Num\u00e9ro de fax : 05.24.62.00.08<\/p>\n<p>Email : capgsafi@gmail.com<\/p>\n<p>-Le Parquet pr\u00e8s le Tribunal de premi\u00e8re instance de Safi:.<\/p>\n<p>Num\u00e9ro de t\u00e9l\u00e9phone : 05.24.62.24.89\/ 06.66.75.55.27<\/p>\n<p>Num\u00e9ro de fax : 05.24.62.81.69.<\/p>\n<p>Email : 1instance.safi@gmail.com<\/p>\n<\/div>\n<p>Auteur: Meriem IGASS<br \/>\n<a href=\"http:\/\/www.mapmarrakech.ma\/fr\/parquet-pres-la-cour-dappel-des-mesures-contre-covid-19\/\">Cliquez ici pour lire l&rsquo;article depuis sa source.<\/a><\/p>\n","protected":false},"excerpt":{"rendered":"<p>Safi \u2013 Le Parquet pr\u00e8s la Cour d\u2019appel de Safi a annonc\u00e9 une batterie de nouvelles mesures visant \u00e0 r\u00e9duire l\u2019affluence des citoyens et des justiciables aux juridictions relevant de cette circonscription judiciaire et ce, dans le cadre de son adh\u00e9sion aux efforts visant \u00e0 lutter contre la propagation du nouveau coronavirus (Covid-19). Ces proc\u00e9dures [&hellip;]<\/p>\n","protected":false},"author":1788,"featured_media":0,"comment_status":"closed","ping_status":"closed","sticky":false,"template":"","format":"standard","meta":{"fifu_image_url":"","fifu_image_alt":"","footnotes":""},"categories":[54,76],"tags":[],"class_list":["post-79393","post","type-post","status-publish","format-standard","hentry","category-maroc","category-regions"],"_links":{"self":[{"href":"https:\/\/linitiative.ca\/International\/wp-json\/wp\/v2\/posts\/79393","targetHints":{"allow":["GET"]}}],"collection":[{"href":"https:\/\/linitiative.ca\/International\/wp-json\/wp\/v2\/posts"}],"about":[{"href":"https:\/\/linitiative.ca\/International\/wp-json\/wp\/v2\/types\/post"}],"author":[{"embeddable":true,"href":"https:\/\/linitiative.ca\/International\/wp-json\/wp\/v2\/users\/1788"}],"replies":[{"embeddable":true,"href":"https:\/\/linitiative.ca\/International\/wp-json\/wp\/v2\/comments?post=79393"}],"version-history":[{"count":0,"href":"https:\/\/linitiative.ca\/International\/wp-json\/wp\/v2\/posts\/79393\/revisions"}],"wp:attachment":[{"href":"https:\/\/linitiative.ca\/International\/wp-json\/wp\/v2\/media?parent=79393"}],"wp:term":[{"taxonomy":"category","embeddable":true,"href":"https:\/\/linitiative.ca\/International\/wp-json\/wp\/v2\/categories?post=79393"},{"taxonomy":"post_tag","embeddable":true,"href":"https:\/\/linitiative.ca\/International\/wp-json\/wp\/v2\/tags?post=79393"}],"curies":[{"name":"wp","href":"https:\/\/api.w.org\/{rel}","templated":true}]}}