{"id":79394,"date":"2020-03-18T12:47:41","date_gmt":"2020-03-18T16:47:41","guid":{"rendered":"https:\/\/linitiative.ca\/International\/covid-19-le-conseil-de-la-region-contribue-au-fonds\/"},"modified":"2020-03-18T12:47:41","modified_gmt":"2020-03-18T16:47:41","slug":"covid-19-le-conseil-de-la-region-contribue-au-fonds","status":"publish","type":"post","link":"https:\/\/linitiative.ca\/International\/covid-19-le-conseil-de-la-region-contribue-au-fonds\/","title":{"rendered":"Covid-19: Le Conseil de la R\u00e9gion contribue au Fonds"},"content":{"rendered":"<div readability=\"37\">\n<p>Marrakech \u2013 Le pr\u00e9sident du Conseil de la R\u00e9gion de Marrakech-Safi, les membres du bureau dirigeant, ainsi que les pr\u00e9sidents des commissions permanentes au sein dudit Conseil ont d\u00e9cid\u00e9 de consacrer leurs salaires d\u2019un mois au profit du Fonds Sp\u00e9cial cr\u00e9\u00e9 pour la gestion de la pand\u00e9mie du nouveau coronavirus (Covid-19).<\/p>\n<\/div>\n<div readability=\"71\">\n<p>Selon un communiqu\u00e9 de cette instance \u00e9lue, cette d\u00e9cision a \u00e9t\u00e9 prise \u00e0 l\u2019initiative du pr\u00e9sident du Conseil de la r\u00e9gion en coordination avec les pr\u00e9sidents des commissions permanentes, exprimant ainsi leur mobilisation aux c\u00f4t\u00e9s des citoyens et citoyennes, sous la conduite \u00e9clair\u00e9e de sa Majest\u00e9 le Roi Mohammed VI, pour lutter contre cette pand\u00e9mie et faire face \u00e0 ses cons\u00e9quences.<\/p>\n<p>Ce geste citoyen traduit, en outre, l\u2019engagement sans faille du Conseil R\u00e9gional dans cet \u00e9lan de solidarit\u00e9 nationale et d\u2019adh\u00e9sion \u00e0 tous les efforts visant \u00e0 lutter et \u00e0 endiguer cette pand\u00e9mie.<\/p>\n<p>Sa Majest\u00e9 le Roi Mohammed VI avait donn\u00e9 Ses Hautes Instructions au gouvernement pour proc\u00e9der \u00e0 la cr\u00e9ation imm\u00e9diate d\u2019un Fonds sp\u00e9cial d\u00e9di\u00e9 \u00e0 la gestion de la pand\u00e9mie du coronavirus, rappelle-t-on.<\/p>\n<p>Ce fonds, dot\u00e9 de 10 milliards de dirhams, sera r\u00e9serv\u00e9, d\u2019une part, \u00e0 la prise en charge des d\u00e9penses de mise \u00e0 niveau du dispositif m\u00e9dical, en termes d\u2019infrastructures adapt\u00e9es et de moyens suppl\u00e9mentaires \u00e0 acqu\u00e9rir, dans l\u2019urgence.<\/p>\n<p>Il servira, d\u2019autre part, au soutien de l\u2019\u00e9conomie nationale, \u00e0 travers une batterie de mesures qui seront propos\u00e9es par le gouvernement, notamment en termes d\u2019accompagnement des secteurs vuln\u00e9rables aux chocs induits par la crise du coronavirus, tels que le tourisme, ainsi qu\u2019en mati\u00e8re de pr\u00e9servation des emplois et d\u2019att\u00e9nuation des r\u00e9percussions sociales de cette crise.<\/p>\n<\/div>\n<p>Auteur: Meriem IGASS<br \/>\n<a href=\"http:\/\/www.mapmarrakech.ma\/fr\/covid-19-le-conseil-de-la-region-contribue-au-fonds\/\">Cliquez ici pour lire l&rsquo;article depuis sa source.<\/a><\/p>\n","protected":false},"excerpt":{"rendered":"<p>Marrakech \u2013 Le pr\u00e9sident du Conseil de la R\u00e9gion de Marrakech-Safi, les membres du bureau dirigeant, ainsi que les pr\u00e9sidents des commissions permanentes au sein dudit Conseil ont d\u00e9cid\u00e9 de consacrer leurs salaires d\u2019un mois au profit du Fonds Sp\u00e9cial cr\u00e9\u00e9 pour la gestion de la pand\u00e9mie du nouveau coronavirus (Covid-19). Selon un communiqu\u00e9 de [&hellip;]<\/p>\n","protected":false},"author":1788,"featured_media":0,"comment_status":"closed","ping_status":"closed","sticky":false,"template":"","format":"standard","meta":{"fifu_image_url":"","fifu_image_alt":"","footnotes":""},"categories":[54,76],"tags":[],"class_list":["post-79394","post","type-post","status-publish","format-standard","hentry","category-maroc","category-regions"],"_links":{"self":[{"href":"https:\/\/linitiative.ca\/International\/wp-json\/wp\/v2\/posts\/79394","targetHints":{"allow":["GET"]}}],"collection":[{"href":"https:\/\/linitiative.ca\/International\/wp-json\/wp\/v2\/posts"}],"about":[{"href":"https:\/\/linitiative.ca\/International\/wp-json\/wp\/v2\/types\/post"}],"author":[{"embeddable":true,"href":"https:\/\/linitiative.ca\/International\/wp-json\/wp\/v2\/users\/1788"}],"replies":[{"embeddable":true,"href":"https:\/\/linitiative.ca\/International\/wp-json\/wp\/v2\/comments?post=79394"}],"version-history":[{"count":0,"href":"https:\/\/linitiative.ca\/International\/wp-json\/wp\/v2\/posts\/79394\/revisions"}],"wp:attachment":[{"href":"https:\/\/linitiative.ca\/International\/wp-json\/wp\/v2\/media?parent=79394"}],"wp:term":[{"taxonomy":"category","embeddable":true,"href":"https:\/\/linitiative.ca\/International\/wp-json\/wp\/v2\/categories?post=79394"},{"taxonomy":"post_tag","embeddable":true,"href":"https:\/\/linitiative.ca\/International\/wp-json\/wp\/v2\/tags?post=79394"}],"curies":[{"name":"wp","href":"https:\/\/api.w.org\/{rel}","templated":true}]}}