{"id":79395,"date":"2020-03-18T13:00:18","date_gmt":"2020-03-18T17:00:18","guid":{"rendered":"https:\/\/linitiative.ca\/International\/education-mobilisation-pour-garantir-la-continuite-pedagogique\/"},"modified":"2020-03-18T13:00:18","modified_gmt":"2020-03-18T17:00:18","slug":"education-mobilisation-pour-garantir-la-continuite-pedagogique","status":"publish","type":"post","link":"https:\/\/linitiative.ca\/International\/education-mobilisation-pour-garantir-la-continuite-pedagogique\/","title":{"rendered":"Education: Mobilisation pour garantir la continuit\u00e9 p\u00e9dagogique"},"content":{"rendered":"<div readability=\"36\">\n<p>Marrakech \u2013 Les Directions provinciales de l\u2019Education Nationale au niveau de la R\u00e9gion Marrakech-Safi ont tenu, lundi, des r\u00e9unions \u00e9largies consacr\u00e9es \u00e0 l\u2019examen des actions et mesures susceptibles de garantir la continuit\u00e9 p\u00e9dagogique et la r\u00e9ussite scolaire des \u00e9l\u00e8ves.<\/p>\n<\/div>\n<div readability=\"83\">\n<p>Ainsi, les directions provinciales de Marrakech, Safi, Youssoufia, Chichaoua, Al Haouz, El Kel\u00e2a des Sraghna et d\u2019Essaouira ont adh\u00e9r\u00e9 aux efforts men\u00e9s pour assurer la r\u00e9ussite de l\u2019op\u00e9ration d\u2019enseignement \u00e0 distance \u00e0 travers les portails \u00e9lectroniques officiels et l\u2019\u00e9laboration d\u2019un programme d\u2019action quotidien.<\/p>\n<p>Ce programme repose sur la production de contenus num\u00e9riques et de cours en vid\u00e9o, la prise d\u2019initiative pour proposer d\u2019autres alternatives innovantes garantissant la r\u00e9ussite scolaire des \u00e9l\u00e8ves, le suivi du d\u00e9roulement de l\u2019op\u00e9ration d\u2019enseignement \u00e0 distance et la communication \u00e9lectronique avec les \u00e9l\u00e8ves en cas de n\u00e9cessit\u00e9.<\/p>\n<p>Lors de ces r\u00e9unions, l\u2019accent a \u00e9t\u00e9 mis sur l\u2019imp\u00e9ratif de l\u2019adh\u00e9sion agissante et de la mobilisation g\u00e9n\u00e9rale pour assurer le succ\u00e8s de l\u2019op\u00e9ration d\u2019enseignement \u00e0 distance, ainsi que sur le r\u00f4le \u00e0 jouer par les parents des \u00e9l\u00e8ves qui doivent obliger leurs enfants \u00e0 rester \u00e0 la maison et \u00e0 poursuivre leurs cours de mani\u00e8re continue, tout en respectant les directives de pr\u00e9vention.<\/p>\n<p>L\u2019ensemble des participants \u00e0 ces r\u00e9unions ont aussi exprim\u00e9 leur forte adh\u00e9sion pour la r\u00e9ussite de cette \u00e9tape exceptionnelle, \u00e0 travers l\u2019exploitation de tous les moyens disponibles, la mobilisation et la sensibilisation de tous les intervenants et partenaires en vue de garantir le droit des apprenants et apprenantes \u00e0 l\u2019enseignement et \u00e0 la r\u00e9ussite scolaire.<\/p>\n<p>Ont pris part \u00e0 ces r\u00e9unions, les chefs des services ainsi que les repr\u00e9sentants des directeurs et directrices des \u00e9tablissements scolaires d\u00e9di\u00e9s aux trois cycles, de l\u2019instance d\u2019inspection et des associations des parents et tuteurs des \u00e9l\u00e8ves.<\/p>\n<p>Le minist\u00e8re avait annonc\u00e9, vendredi dernier, sa d\u00e9cision de suspendre jusqu\u2019\u00e0 nouvel ordre les cours au niveau de toutes les classes et de tous les cycles \u00e0 partir de lundi, pr\u00e9cisant qu\u2019il ne s\u2019agit pas de vacances scolaires exceptionnelles et que les cours en pr\u00e9sentiel seront substitu\u00e9s par des cours \u00e0 distance.<\/p>\n<p>La d\u00e9cision de suspendre les cours s\u2019inscrit dans le cadre des mesures pr\u00e9ventives pour garantir la sant\u00e9 des \u00e9l\u00e8ves, des enseignants, des cadres administratifs et de tous les citoyens contre la propagation du Coronavirus (Covid-19).<\/p>\n<\/div>\n<p>Auteur: Meriem IGASS<br \/>\n<a href=\"http:\/\/www.mapmarrakech.ma\/fr\/education-mobilisation-pour-garantir-la-continuite-pedagogique\/\">Cliquez ici pour lire l&rsquo;article depuis sa source.<\/a><\/p>\n","protected":false},"excerpt":{"rendered":"<p>Marrakech \u2013 Les Directions provinciales de l\u2019Education Nationale au niveau de la R\u00e9gion Marrakech-Safi ont tenu, lundi, des r\u00e9unions \u00e9largies consacr\u00e9es \u00e0 l\u2019examen des actions et mesures susceptibles de garantir la continuit\u00e9 p\u00e9dagogique et la r\u00e9ussite scolaire des \u00e9l\u00e8ves. Ainsi, les directions provinciales de Marrakech, Safi, Youssoufia, Chichaoua, Al Haouz, El Kel\u00e2a des Sraghna et [&hellip;]<\/p>\n","protected":false},"author":1788,"featured_media":0,"comment_status":"closed","ping_status":"closed","sticky":false,"template":"","format":"standard","meta":{"fifu_image_url":"","fifu_image_alt":"","footnotes":""},"categories":[54,76],"tags":[],"class_list":["post-79395","post","type-post","status-publish","format-standard","hentry","category-maroc","category-regions"],"_links":{"self":[{"href":"https:\/\/linitiative.ca\/International\/wp-json\/wp\/v2\/posts\/79395","targetHints":{"allow":["GET"]}}],"collection":[{"href":"https:\/\/linitiative.ca\/International\/wp-json\/wp\/v2\/posts"}],"about":[{"href":"https:\/\/linitiative.ca\/International\/wp-json\/wp\/v2\/types\/post"}],"author":[{"embeddable":true,"href":"https:\/\/linitiative.ca\/International\/wp-json\/wp\/v2\/users\/1788"}],"replies":[{"embeddable":true,"href":"https:\/\/linitiative.ca\/International\/wp-json\/wp\/v2\/comments?post=79395"}],"version-history":[{"count":0,"href":"https:\/\/linitiative.ca\/International\/wp-json\/wp\/v2\/posts\/79395\/revisions"}],"wp:attachment":[{"href":"https:\/\/linitiative.ca\/International\/wp-json\/wp\/v2\/media?parent=79395"}],"wp:term":[{"taxonomy":"category","embeddable":true,"href":"https:\/\/linitiative.ca\/International\/wp-json\/wp\/v2\/categories?post=79395"},{"taxonomy":"post_tag","embeddable":true,"href":"https:\/\/linitiative.ca\/International\/wp-json\/wp\/v2\/tags?post=79395"}],"curies":[{"name":"wp","href":"https:\/\/api.w.org\/{rel}","templated":true}]}}