{"id":79399,"date":"2020-03-18T11:52:08","date_gmt":"2020-03-18T15:52:08","guid":{"rendered":"https:\/\/linitiative.ca\/International\/hammam-el-medjzara-a-tebessa-un-centre-de-torture-temoin-de-la-barbarie-du-colonialisme-francais\/"},"modified":"2020-03-18T11:52:08","modified_gmt":"2020-03-18T15:52:08","slug":"hammam-el-medjzara-a-tebessa-un-centre-de-torture-temoin-de-la-barbarie-du-colonialisme-francais","status":"publish","type":"post","link":"https:\/\/linitiative.ca\/International\/hammam-el-medjzara-a-tebessa-un-centre-de-torture-temoin-de-la-barbarie-du-colonialisme-francais\/","title":{"rendered":"Hammam El-Medjzara \u00e0 T\u00e9bessa , un centre de torture t\u00e9moin de la barbarie du colonialisme fran\u00e7ais"},"content":{"rendered":"<div readability=\"35\">\n<p><strong>TEBESSA- Dans la commune de Chr\u00e9a \u00e0 l\u2019Ouest de T\u00e9bessa, \u00ab\u00a0Hammam El-Medjzara\u00a0\u00bb qui fut durant la guerre de lib\u00e9ration un centre d\u2019interrogatoire et de torture des moudjahidine t\u00e9moigne toujours des atrocit\u00e9s et de la barbarie du colonialisme fran\u00e7ais \u00e0 l\u2019\u00e9gard du peuple alg\u00e9rien.<\/strong><\/p>\n<\/div>\n<div readability=\"83.8542319749\">\n<p>Cr\u00e9\u00e9 d\u00e9but de l\u2019ann\u00e9e 1957 sur une superficie de 900 m2 au centre-ville de Chr\u00e9a, ce centre r\u00e9v\u00e8le encore \u00e0 travers ses cellules obscures et de ses puits, o\u00f9 s\u2019entassaient les cadavres des martyrs, les pratiques horribles de torture et des ex\u00e9cutions sommaires commises contre un peuple d\u00e9termin\u00e9 \u00e0 obtenir son ind\u00e9pendance.<\/p>\n<p>A la veille de la c\u00e9l\u00e9bration du 58\u00e8me anniversaire de la f\u00eate de la Victoire, le moudjahid Mohamed-Tahar Sma\u00efl, 78 ans se souvient, les yeux larmoyant, des atrocit\u00e9s qu\u2019il a endur\u00e9es derri\u00e8re les murs de Hammam El Medjzara durant une certain octobre 1957 alors qu\u2019il avait \u00e0 peine 20 ans sous les mains du tortionnaire Jean-Pierre.<\/p>\n<blockquote readability=\"10\">\n<p><em><strong>\u00ab\u00a0Toutes les parties de mon corps totalement nu ont \u00e9t\u00e9 \u00e9lectrocut\u00e9es pendant trois jours entiers dans leur vaine tentative d\u2019obtenir des informations sur les moudjahidine, leurs plans et leurs approvisionnements en armes et munitions\u00a0\u00bb, se rappelle ce moudjahid qui rel\u00e8ve que ce centre que les habitants de Ch\u00e9ra appellent \u00ab\u00a0Hammam El-Medjzara\u00a0\u00bb \u00e9tait un bain maure avant que la France coloniale ne se l\u2019approprie et le transforme en centre de torture.<\/strong><\/em><\/p>\n<\/blockquote>\n<hr\/>\n<h3>Lire aussi: <a href=\"http:\/\/www.aps.dz\/regions\/103180-19-mars-1962-oran-le-jour-de-la-victoire\" target=\"_blank\" rel=\"noopener noreferrer\">19 mars 1962 : Oran, le jour de la victoire<\/a><\/h3>\n<hr\/>\n<blockquote readability=\"9\">\n<p><em><strong>\u00ab\u00a0Les bourreaux du centre utilisaient toutes les m\u00e9thodes de torture contre les moudjahidine et civils sans distinction aucune entre grand et petit ou homme et femme\u00a0\u00bb, ajoute Mohamed-Tahar qui souligne que leurs s\u00e9vices d\u00e9cuplaient \u00e0 chaque fois que l\u2019Arm\u00e9e de lib\u00e9ration nationale (ALN) occasionnait \u00e0 l\u2019arm\u00e9e fran\u00e7aise des pertes dans ses rangs.<\/strong><\/em><\/p>\n<\/blockquote>\n<p>Les cris des moudjahidine tortur\u00e9s parvenaient bien au-del\u00e0 des murs du centre pour jeter l\u2019effroi et la peur parmi la population de la r\u00e9gion, se rem\u00e9more-t-il.<\/p>\n<p><strong>Le souhait de convertir Hammam El Medjzra en mus\u00e9e renouvel\u00e9<\/strong><\/p>\n<p>A chaque c\u00e9l\u00e9bration des dates phares de la guerre de lib\u00e9ration, la famille r\u00e9volutionnaire de T\u00e9bessa et sa r\u00e9gion, avec \u00e0 sa t\u00eate le secr\u00e9tariat de wilaya de l\u2019Organisation nationale des moudjahidine renouvelle son souhait de voir convertir Hammam El Medjra en un mus\u00e9e qui transmettra aux g\u00e9n\u00e9rations futures un pan de la m\u00e9moire collective nationale.<\/p>\n<p>Pour le secr\u00e9taire du bureau de Chr\u00e9a de l\u2019Organisation nationale des moudjahidine, La\u00e2roussi Boutaleb, faire du centre un mus\u00e9e permet aux visiteurs et \u00e9tudiants notamment de d\u00e9couvrir les tortures subies par les moudjahidine et \u00e0 \u00e9riger une st\u00e8le comm\u00e9morative avec les noms de tous les chouhada et moudjahidine ayant pass\u00e9 par ce centre de torture, \u00ab\u00a0est une marque de reconnaissance \u00e0 celles et ceux qui ont sacrifi\u00e9 leur vie pour leur pays\u00a0\u00bb.<\/p>\n<blockquote readability=\"6\">\n<p><strong><em>M.Boutaleb a \u00e9galement appell\u00e9 \u00e0 transcrire les t\u00e9moignages vivants des moudjahidine ayant \u00e9t\u00e9 intern\u00e9 dans ce centre pour \u00ab\u00a0constituer des documents aux chercheurs en histoire nationale\u00a0\u00bb.<\/em><\/strong><\/p>\n<\/blockquote>\n<p>\u00ab\u00a0Apr\u00e8s de longues ann\u00e9es d\u2019oubli, certaines parties de ce centre de torture ont fini par \u00eatre exploit\u00e9s comme locaux de commerce\u00a0\u00bb, souligne le m\u00eame intervenant ui affirme avoir saisi par \u00e9crits les autorit\u00e9s concern\u00e9s pour \u00ab\u00a0intervenir en urgence et pr\u00e9server ce patrimoine mat\u00e9riel de la r\u00e9volution puis le restaurer\u00a0\u00bb.<\/p>\n<\/div>\n<p>Auteur:<br \/>\n<a href=\"http:\/\/www.aps.dz\/regions\/103185-hammam-el-medjzara-a-tebessa-un-centre-de-torture-temoin-de-la-barbarie-du-colonialisme-francais\">Cliquez ici pour lire l&rsquo;article depuis sa source.<\/a><\/p>\n","protected":false},"excerpt":{"rendered":"<p>TEBESSA- Dans la commune de Chr\u00e9a \u00e0 l\u2019Ouest de T\u00e9bessa, \u00ab\u00a0Hammam El-Medjzara\u00a0\u00bb qui fut durant la guerre de lib\u00e9ration un centre d\u2019interrogatoire et de torture des moudjahidine t\u00e9moigne toujours des atrocit\u00e9s et de la barbarie du colonialisme fran\u00e7ais \u00e0 l\u2019\u00e9gard du peuple alg\u00e9rien. Cr\u00e9\u00e9 d\u00e9but de l\u2019ann\u00e9e 1957 sur une superficie de 900 m2 au [&hellip;]<\/p>\n","protected":false},"author":1790,"featured_media":0,"comment_status":"closed","ping_status":"closed","sticky":false,"template":"","format":"standard","meta":{"fifu_image_url":"","fifu_image_alt":"","footnotes":""},"categories":[53,76],"tags":[],"class_list":["post-79399","post","type-post","status-publish","format-standard","hentry","category-algerie","category-regions"],"_links":{"self":[{"href":"https:\/\/linitiative.ca\/International\/wp-json\/wp\/v2\/posts\/79399","targetHints":{"allow":["GET"]}}],"collection":[{"href":"https:\/\/linitiative.ca\/International\/wp-json\/wp\/v2\/posts"}],"about":[{"href":"https:\/\/linitiative.ca\/International\/wp-json\/wp\/v2\/types\/post"}],"author":[{"embeddable":true,"href":"https:\/\/linitiative.ca\/International\/wp-json\/wp\/v2\/users\/1790"}],"replies":[{"embeddable":true,"href":"https:\/\/linitiative.ca\/International\/wp-json\/wp\/v2\/comments?post=79399"}],"version-history":[{"count":0,"href":"https:\/\/linitiative.ca\/International\/wp-json\/wp\/v2\/posts\/79399\/revisions"}],"wp:attachment":[{"href":"https:\/\/linitiative.ca\/International\/wp-json\/wp\/v2\/media?parent=79399"}],"wp:term":[{"taxonomy":"category","embeddable":true,"href":"https:\/\/linitiative.ca\/International\/wp-json\/wp\/v2\/categories?post=79399"},{"taxonomy":"post_tag","embeddable":true,"href":"https:\/\/linitiative.ca\/International\/wp-json\/wp\/v2\/tags?post=79399"}],"curies":[{"name":"wp","href":"https:\/\/api.w.org\/{rel}","templated":true}]}}