{"id":79403,"date":"2020-03-18T12:16:08","date_gmt":"2020-03-18T16:16:08","guid":{"rendered":"https:\/\/linitiative.ca\/International\/confine-a-domicile-abdelkader-amara-se-veut-rassurant\/"},"modified":"2020-03-18T12:16:08","modified_gmt":"2020-03-18T16:16:08","slug":"confine-a-domicile-abdelkader-amara-se-veut-rassurant","status":"publish","type":"post","link":"https:\/\/linitiative.ca\/International\/confine-a-domicile-abdelkader-amara-se-veut-rassurant\/","title":{"rendered":"Confin\u00e9 \u00e0 domicile, Abdelkader Amara se veut rassurant"},"content":{"rendered":"<p class=\"c5\">Le ministre de l\u2019\u00c9quipement, du transport, de la logistique et de l\u2019eau, Abdelkader Amara, confin\u00e9 \u00e0 domicile apr\u00e8s sa contamination par le Covid-19, a rassur\u00e9 sur son \u00e9tat de sant\u00e9 ainsi que celui de sa famille.<\/p>\n<p class=\"c5\">\u00ab\u00a0Ma situation sanitaire est plut\u00f4t normale et rassurante. Les membres de ma famille se portent bien\u00a0\u00bb, a-t-il d\u00e9clar\u00e9 \u00e0 la MAP, affirmant poursuivre ses fonctions \u00e0 distance afin d\u2019assurer la marche du travail en \u00e9troite coordination avec les services du minist\u00e8re.<\/p>\n<p class=\"c5\">M. Amara a soulign\u00e9 \u00e0 quel point les pr\u00e9cautions sanitaires contre le virus demeurent essentielles, particuli\u00e8rement la mise en quarantaine, les r\u00e8gles d\u2019hygi\u00e8ne et le respect constant de la distance m\u00eame avec les plus proches.<\/p>\n<p class=\"c5\">\u00ab\u00a0Cela dit, nous menons en tout cas une vie normale\u00a0\u00bb, a r\u00e9sum\u00e9 le ministre dont les membres de la famille se sont \u00e9galement plac\u00e9s en isolement d\u00e8s l\u2019annonce de sa contamination au lendemain d\u2019une mission officielle en Europe.<\/p>\n<p class=\"c5\">Apr\u00e8s avoir ressenti une fatigue anormale accompagn\u00e9e de maux de t\u00eate, le responsable minist\u00e9riel s\u2019\u00e9tait pr\u00e9sent\u00e9 aux services m\u00e9dicaux qui l\u2019ont soumis aux examens et analyses n\u00e9cessaires qui ont confirm\u00e9 son infection au Covid 19.<\/p>\n<p class=\"c5\">\u00c9tant donn\u00e9 que les sympt\u00f4mes pr\u00e9sent\u00e9s par le ministre sont l\u00e9gers et ne suscitent aucune inqui\u00e9tude, le ministre demeure chez lui durant 14 jours et exerce ses missions habituelles par tous les moyens technologiques de travail \u00e0 distance.<\/p>\n<p>Auteur: Soufiane ELAHMAR<br \/>\n<a href=\"http:\/\/www.mapoujda.ma\/fr\/confine-a-domicile-abdelkader-amara-se-veut-rassurant\/\">Cliquez ici pour lire l&rsquo;article depuis sa source.<\/a><\/p>\n","protected":false},"excerpt":{"rendered":"<p>Le ministre de l\u2019\u00c9quipement, du transport, de la logistique et de l\u2019eau, Abdelkader Amara, confin\u00e9 \u00e0 domicile apr\u00e8s sa contamination par le Covid-19, a rassur\u00e9 sur son \u00e9tat de sant\u00e9 ainsi que celui de sa famille. \u00ab\u00a0Ma situation sanitaire est plut\u00f4t normale et rassurante. Les membres de ma famille se portent bien\u00a0\u00bb, a-t-il d\u00e9clar\u00e9 \u00e0 [&hellip;]<\/p>\n","protected":false},"author":1788,"featured_media":0,"comment_status":"closed","ping_status":"closed","sticky":false,"template":"","format":"standard","meta":{"fifu_image_url":"","fifu_image_alt":"","footnotes":""},"categories":[54,76],"tags":[],"class_list":["post-79403","post","type-post","status-publish","format-standard","hentry","category-maroc","category-regions"],"_links":{"self":[{"href":"https:\/\/linitiative.ca\/International\/wp-json\/wp\/v2\/posts\/79403","targetHints":{"allow":["GET"]}}],"collection":[{"href":"https:\/\/linitiative.ca\/International\/wp-json\/wp\/v2\/posts"}],"about":[{"href":"https:\/\/linitiative.ca\/International\/wp-json\/wp\/v2\/types\/post"}],"author":[{"embeddable":true,"href":"https:\/\/linitiative.ca\/International\/wp-json\/wp\/v2\/users\/1788"}],"replies":[{"embeddable":true,"href":"https:\/\/linitiative.ca\/International\/wp-json\/wp\/v2\/comments?post=79403"}],"version-history":[{"count":0,"href":"https:\/\/linitiative.ca\/International\/wp-json\/wp\/v2\/posts\/79403\/revisions"}],"wp:attachment":[{"href":"https:\/\/linitiative.ca\/International\/wp-json\/wp\/v2\/media?parent=79403"}],"wp:term":[{"taxonomy":"category","embeddable":true,"href":"https:\/\/linitiative.ca\/International\/wp-json\/wp\/v2\/categories?post=79403"},{"taxonomy":"post_tag","embeddable":true,"href":"https:\/\/linitiative.ca\/International\/wp-json\/wp\/v2\/tags?post=79403"}],"curies":[{"name":"wp","href":"https:\/\/api.w.org\/{rel}","templated":true}]}}