{"id":79407,"date":"2020-03-18T05:20:00","date_gmt":"2020-03-18T09:20:00","guid":{"rendered":"https:\/\/linitiative.ca\/International\/la-justice-en-arret-des-aujourdhui\/"},"modified":"2020-03-18T05:20:00","modified_gmt":"2020-03-18T09:20:00","slug":"la-justice-en-arret-des-aujourdhui","status":"publish","type":"post","link":"https:\/\/linitiative.ca\/International\/la-justice-en-arret-des-aujourdhui\/","title":{"rendered":"La justice en arr\u00eat d\u00e8s aujourd\u2019hui"},"content":{"rendered":"<div class=\"body\">\n<div class=\"field field-name-body field-type-text-with-summary field-label-hidden\">\n<div class=\"field-items\" readability=\"8.31318681319\">\n<div class=\"field-item even\" property=\"content:encoded\" readability=\"11.7362637363\">\n<p class=\"rtejustify\">Le Conseil sup\u00e9rieur du pouvoir judiciaire suspend les audiences d\u00e8s ce mardi 17 mars. Cette d\u00e9cision fait partie des mesures de lutte contre le coronavirus. Seules les affaires p\u00e9nales o\u00f9 des personnes sont en d\u00e9tention pr\u00e9ventive, les d\u00e9lits de mineurs, les proc\u00e9dures d\u2019urgence ne sont pas suspendues. La pr\u00e9sidence du minist\u00e8re public a de son c\u00f4t\u00e9 invit\u00e9 les citoyens voulant d\u00e9poser plainte de le faire via son site <a href=\"http:\/\/www.pmp.ma\">www.pmp.ma<\/a>.<em> <\/em><\/p>\n<p class=\"rtejustify\"><em>F.F.<\/em><\/p>\n<\/div>\n<\/div>\n<\/div>\n<\/div>\n<div class=\"eco-conseil\">\n<div class=\"view view-eco-conseil-16 view-id-eco_conseil_16 view-display-id-cookies view-dom-id-b3b1f74c8353d742d09cc9443e7a557a\">\n<div class=\"view-content\">\n<div id=\"views-bootstrap-grid-1\" class=\"views-bootstrap-grid-plugin-style\">\n<div class=\"row\">\n<div class=\" col-xs-12 col-lg-4\">\n<div class=\"row\">\n<div class=\"col col-xs-12 col-lg-12\">\n<div class=\"field-content\"><a href=\"\/article\/1058876-cahier-competences-rh\"><img loading=\"lazy\" decoding=\"async\" class=\"img-responsive\" typeof=\"foaf:Image\" src=\"https:\/\/www.leconomiste.com\/sites\/default\/files\/eco7\/public\/styles\/800x400\/public\/default_images\/default_une.jpg?itok=4jZlgnIZ\" width=\"660\" height=\"330\" alt=\"\"\/><\/a><\/div>\n<\/div>\n<div class=\" title_suite_2 col col-xs-12 col-lg-12\"> <a href=\"\/article\/1058876-cahier-competences-rh\"\/><span class=\"field-content\">Cahier Comp\u00e9tences &amp; RH<\/span><\/div>\n<\/div>\n<\/div>\n<div class=\" col-xs-12 col-lg-4\">\n<div class=\"row\">\n<div class=\"col col-xs-12 col-lg-12\">\n<div class=\"field-content\"><a href=\"\/article\/1058875-fidelisation-vivo-energy-lance-son-programme-en-afrique\"><img loading=\"lazy\" decoding=\"async\" class=\"img-responsive\" typeof=\"foaf:Image\" src=\"https:\/\/www.leconomiste.com\/sites\/default\/files\/eco7\/public\/styles\/800x400\/public\/default_images\/default_une.jpg?itok=4jZlgnIZ\" width=\"660\" height=\"330\" alt=\"\"\/><\/a><\/div>\n<\/div>\n<div class=\" title_suite_2 col col-xs-12 col-lg-12\"> <a href=\"\/article\/1058875-fidelisation-vivo-energy-lance-son-programme-en-afrique\"\/><span class=\"field-content\">Fid\u00e9lisation: Vivo Energy lance son programme en Afrique<\/span><\/div>\n<\/div>\n<\/div>\n<div class=\" col-xs-12 col-lg-4\">\n<div class=\"row\">\n<div class=\"col col-xs-12 col-lg-12\">\n<div class=\"field-content\"><a href=\"\/article\/1058874-effectif-reduit-pour-disway\"><img loading=\"lazy\" decoding=\"async\" class=\"img-responsive\" typeof=\"foaf:Image\" src=\"https:\/\/www.leconomiste.com\/sites\/default\/files\/eco7\/public\/styles\/800x400\/public\/default_images\/default_une.jpg?itok=4jZlgnIZ\" width=\"660\" height=\"330\" alt=\"\"\/><\/a><\/div>\n<\/div>\n<div class=\" title_suite_2 col col-xs-12 col-lg-12\"> <a href=\"\/article\/1058874-effectif-reduit-pour-disway\"\/><span class=\"field-content\">Effectif r\u00e9duit pour Disway <\/span><\/div>\n<\/div>\n<\/div>\n<\/div>\n<\/div>\n<\/div>\n<\/div>\n<\/div>\n<p>Auteur: hlafriqi<br \/>\n<a href=\"https:\/\/www.leconomiste.com\/article\/1058870-la-justice-en-arret-des-aujourd-hui\">Cliquez ici pour lire l&rsquo;article depuis sa source.<\/a><\/p>\n","protected":false},"excerpt":{"rendered":"<p>Le Conseil sup\u00e9rieur du pouvoir judiciaire suspend les audiences d\u00e8s ce mardi 17 mars. Cette d\u00e9cision fait partie des mesures de lutte contre le coronavirus. Seules les affaires p\u00e9nales o\u00f9 des personnes sont en d\u00e9tention pr\u00e9ventive, les d\u00e9lits de mineurs, les proc\u00e9dures d\u2019urgence ne sont pas suspendues. La pr\u00e9sidence du minist\u00e8re public a de son [&hellip;]<\/p>\n","protected":false},"author":1763,"featured_media":0,"comment_status":"closed","ping_status":"closed","sticky":false,"template":"","format":"standard","meta":{"fifu_image_url":"","fifu_image_alt":"","footnotes":""},"categories":[78,54],"tags":[],"class_list":["post-79407","post","type-post","status-publish","format-standard","hentry","category-economie","category-maroc"],"_links":{"self":[{"href":"https:\/\/linitiative.ca\/International\/wp-json\/wp\/v2\/posts\/79407","targetHints":{"allow":["GET"]}}],"collection":[{"href":"https:\/\/linitiative.ca\/International\/wp-json\/wp\/v2\/posts"}],"about":[{"href":"https:\/\/linitiative.ca\/International\/wp-json\/wp\/v2\/types\/post"}],"author":[{"embeddable":true,"href":"https:\/\/linitiative.ca\/International\/wp-json\/wp\/v2\/users\/1763"}],"replies":[{"embeddable":true,"href":"https:\/\/linitiative.ca\/International\/wp-json\/wp\/v2\/comments?post=79407"}],"version-history":[{"count":0,"href":"https:\/\/linitiative.ca\/International\/wp-json\/wp\/v2\/posts\/79407\/revisions"}],"wp:attachment":[{"href":"https:\/\/linitiative.ca\/International\/wp-json\/wp\/v2\/media?parent=79407"}],"wp:term":[{"taxonomy":"category","embeddable":true,"href":"https:\/\/linitiative.ca\/International\/wp-json\/wp\/v2\/categories?post=79407"},{"taxonomy":"post_tag","embeddable":true,"href":"https:\/\/linitiative.ca\/International\/wp-json\/wp\/v2\/tags?post=79407"}],"curies":[{"name":"wp","href":"https:\/\/api.w.org\/{rel}","templated":true}]}}