{"id":79408,"date":"2020-03-18T05:20:00","date_gmt":"2020-03-18T09:20:00","guid":{"rendered":"https:\/\/linitiative.ca\/International\/coronavirus-lappel-de-la-cgem-aux-entreprises\/"},"modified":"2020-03-18T05:20:00","modified_gmt":"2020-03-18T09:20:00","slug":"coronavirus-lappel-de-la-cgem-aux-entreprises","status":"publish","type":"post","link":"https:\/\/linitiative.ca\/International\/coronavirus-lappel-de-la-cgem-aux-entreprises\/","title":{"rendered":"Coronavirus: L\u2019appel de la CGEM aux entreprises"},"content":{"rendered":"<div class=\"body\">\n<div class=\"field field-name-body field-type-text-with-summary field-label-hidden\">\n<div class=\"field-items\" readability=\"9\">\n<div class=\"field-item even\" property=\"content:encoded\" readability=\"13\">\n<p class=\"rtejustify\">La CGEM lance un appel \u00e0 ses entreprises membres pour favoriser les mesures pr\u00e9ventives contre la propagation du Coronavirus au sein de leurs organisations respectives. Le patronat recommande ainsi d\u2019encourager le travail \u00e0 distance pour les personnes dont la fonction le permet et pour celles qui pr\u00e9sentent des maladies chroniques. La CGEM les exhortent \u00e9galement \u00e0 rappeler et veiller \u00e0 faire appliquer les mesures barri\u00e8res (pas de contact physique, au moins 1 m\u00e8tre de distance entre les personnes et se laver les mains r\u00e9guli\u00e8rement). Il est aussi demand\u00e9 de limiter au maximum les r\u00e9unions et de r\u00e9guli\u00e8rement d\u00e9sinfecter les locaux. La Conf\u00e9d\u00e9ration invite, enfin, ses membres \u00e0 r\u00e9fl\u00e9chir \u00e0 la mise en place d\u2019un plan de continuit\u00e9 d\u2019activit\u00e9.<\/p>\n<p class=\"rtejustify\"><em>M.A.B.<\/em><\/p>\n<\/div>\n<\/div>\n<\/div>\n<\/div>\n<div class=\"eco-conseil\">\n<div class=\"view view-eco-conseil-16 view-id-eco_conseil_16 view-display-id-cookies view-dom-id-ad0bf784002466ea798c2b5e933e268c\">\n<div class=\"view-content\">\n<div id=\"views-bootstrap-grid-1\" class=\"views-bootstrap-grid-plugin-style\">\n<div class=\"row\">\n<div class=\" col-xs-12 col-lg-4\">\n<div class=\"row\">\n<div class=\"col col-xs-12 col-lg-12\">\n<div class=\"field-content\"><a href=\"\/article\/1058876-cahier-competences-rh\"><img loading=\"lazy\" decoding=\"async\" class=\"img-responsive\" typeof=\"foaf:Image\" src=\"https:\/\/www.leconomiste.com\/sites\/default\/files\/eco7\/public\/styles\/800x400\/public\/default_images\/default_une.jpg?itok=4jZlgnIZ\" width=\"660\" height=\"330\" alt=\"\"\/><\/a><\/div>\n<\/div>\n<div class=\" title_suite_2 col col-xs-12 col-lg-12\"> <a href=\"\/article\/1058876-cahier-competences-rh\"\/><span class=\"field-content\">Cahier Comp\u00e9tences &amp; RH<\/span><\/div>\n<\/div>\n<\/div>\n<div class=\" col-xs-12 col-lg-4\">\n<div class=\"row\">\n<div class=\"col col-xs-12 col-lg-12\">\n<div class=\"field-content\"><a href=\"\/article\/1058875-fidelisation-vivo-energy-lance-son-programme-en-afrique\"><img loading=\"lazy\" decoding=\"async\" class=\"img-responsive\" typeof=\"foaf:Image\" src=\"https:\/\/www.leconomiste.com\/sites\/default\/files\/eco7\/public\/styles\/800x400\/public\/default_images\/default_une.jpg?itok=4jZlgnIZ\" width=\"660\" height=\"330\" alt=\"\"\/><\/a><\/div>\n<\/div>\n<div class=\" title_suite_2 col col-xs-12 col-lg-12\"> <a href=\"\/article\/1058875-fidelisation-vivo-energy-lance-son-programme-en-afrique\"\/><span class=\"field-content\">Fid\u00e9lisation: Vivo Energy lance son programme en Afrique<\/span><\/div>\n<\/div>\n<\/div>\n<div class=\" col-xs-12 col-lg-4\">\n<div class=\"row\">\n<div class=\"col col-xs-12 col-lg-12\">\n<div class=\"field-content\"><a href=\"\/article\/1058874-effectif-reduit-pour-disway\"><img loading=\"lazy\" decoding=\"async\" class=\"img-responsive\" typeof=\"foaf:Image\" src=\"https:\/\/www.leconomiste.com\/sites\/default\/files\/eco7\/public\/styles\/800x400\/public\/default_images\/default_une.jpg?itok=4jZlgnIZ\" width=\"660\" height=\"330\" alt=\"\"\/><\/a><\/div>\n<\/div>\n<div class=\" title_suite_2 col col-xs-12 col-lg-12\"> <a href=\"\/article\/1058874-effectif-reduit-pour-disway\"\/><span class=\"field-content\">Effectif r\u00e9duit pour Disway <\/span><\/div>\n<\/div>\n<\/div>\n<\/div>\n<\/div>\n<\/div>\n<\/div>\n<\/div>\n<p>Auteur: hlafriqi<br \/>\n<a href=\"https:\/\/www.leconomiste.com\/article\/1058869-coronavirus-l-appel-de-la-cgem-aux-entreprises\">Cliquez ici pour lire l&rsquo;article depuis sa source.<\/a><\/p>\n","protected":false},"excerpt":{"rendered":"<p>La CGEM lance un appel \u00e0 ses entreprises membres pour favoriser les mesures pr\u00e9ventives contre la propagation du Coronavirus au sein de leurs organisations respectives. Le patronat recommande ainsi d\u2019encourager le travail \u00e0 distance pour les personnes dont la fonction le permet et pour celles qui pr\u00e9sentent des maladies chroniques. La CGEM les exhortent \u00e9galement [&hellip;]<\/p>\n","protected":false},"author":1763,"featured_media":0,"comment_status":"closed","ping_status":"closed","sticky":false,"template":"","format":"standard","meta":{"fifu_image_url":"","fifu_image_alt":"","footnotes":""},"categories":[78,54],"tags":[],"class_list":["post-79408","post","type-post","status-publish","format-standard","hentry","category-economie","category-maroc"],"_links":{"self":[{"href":"https:\/\/linitiative.ca\/International\/wp-json\/wp\/v2\/posts\/79408","targetHints":{"allow":["GET"]}}],"collection":[{"href":"https:\/\/linitiative.ca\/International\/wp-json\/wp\/v2\/posts"}],"about":[{"href":"https:\/\/linitiative.ca\/International\/wp-json\/wp\/v2\/types\/post"}],"author":[{"embeddable":true,"href":"https:\/\/linitiative.ca\/International\/wp-json\/wp\/v2\/users\/1763"}],"replies":[{"embeddable":true,"href":"https:\/\/linitiative.ca\/International\/wp-json\/wp\/v2\/comments?post=79408"}],"version-history":[{"count":0,"href":"https:\/\/linitiative.ca\/International\/wp-json\/wp\/v2\/posts\/79408\/revisions"}],"wp:attachment":[{"href":"https:\/\/linitiative.ca\/International\/wp-json\/wp\/v2\/media?parent=79408"}],"wp:term":[{"taxonomy":"category","embeddable":true,"href":"https:\/\/linitiative.ca\/International\/wp-json\/wp\/v2\/categories?post=79408"},{"taxonomy":"post_tag","embeddable":true,"href":"https:\/\/linitiative.ca\/International\/wp-json\/wp\/v2\/tags?post=79408"}],"curies":[{"name":"wp","href":"https:\/\/api.w.org\/{rel}","templated":true}]}}