{"id":79409,"date":"2020-03-18T05:20:00","date_gmt":"2020-03-18T09:20:00","guid":{"rendered":"https:\/\/linitiative.ca\/International\/coronavirus-pas-de-cas-positif-a-la-bmci\/"},"modified":"2020-03-18T05:20:00","modified_gmt":"2020-03-18T09:20:00","slug":"coronavirus-pas-de-cas-positif-a-la-bmci","status":"publish","type":"post","link":"https:\/\/linitiative.ca\/International\/coronavirus-pas-de-cas-positif-a-la-bmci\/","title":{"rendered":"Coronavirus: \u00abPas de cas positif \u00e0 la BMCI\u00bb"},"content":{"rendered":"<div class=\"body\">\n<div class=\"field field-name-body field-type-text-with-summary field-label-hidden\">\n<div class=\"field-items\" readability=\"8.5\">\n<div class=\"field-item even\" property=\"content:encoded\" readability=\"12\">\n<p class=\"rtejustify\">Par mesure de pr\u00e9caution et de pr\u00e9vention, la BMCI vient de fermer provisoirement l\u2019un de ses plateaux (totalement ind\u00e9pendant du si\u00e8ge et du r\u00e9seau d\u2019agences) afin de proc\u00e9der \u00e0 son nettoyage suite \u00e0 la pr\u00e9sence d\u2019un potentiel cas suspect. La banque assure qu\u2019\u00e0 date d\u2019hier, aucun cas positif n\u2019a \u00e9t\u00e9 recens\u00e9 au sein de ses effectifs. Elle affirme par ailleurs que \u00abson si\u00e8ge social ainsi que son r\u00e9seau d\u2019agences sont op\u00e9rationnels et pleinement mobilis\u00e9s pour accompagner les clients et partenaires dans le contexte actuel\u00bb.<\/p>\n<p class=\"rtejustify\"><em>M.A.B.<\/em><\/p>\n<\/div>\n<\/div>\n<\/div>\n<\/div>\n<div class=\"eco-conseil\">\n<div class=\"view view-eco-conseil-16 view-id-eco_conseil_16 view-display-id-cookies view-dom-id-abdb8db1f1cd64e366d69be55ee76e36\">\n<div class=\"view-content\">\n<div id=\"views-bootstrap-grid-1\" class=\"views-bootstrap-grid-plugin-style\">\n<div class=\"row\">\n<div class=\" col-xs-12 col-lg-4\">\n<div class=\"row\">\n<div class=\"col col-xs-12 col-lg-12\">\n<div class=\"field-content\"><a href=\"\/article\/1058876-cahier-competences-rh\"><img loading=\"lazy\" decoding=\"async\" class=\"img-responsive\" typeof=\"foaf:Image\" src=\"https:\/\/www.leconomiste.com\/sites\/default\/files\/eco7\/public\/styles\/800x400\/public\/default_images\/default_une.jpg?itok=4jZlgnIZ\" width=\"660\" height=\"330\" alt=\"\"\/><\/a><\/div>\n<\/div>\n<div class=\" title_suite_2 col col-xs-12 col-lg-12\"> <a href=\"\/article\/1058876-cahier-competences-rh\"\/><span class=\"field-content\">Cahier Comp\u00e9tences &amp; RH<\/span><\/div>\n<\/div>\n<\/div>\n<div class=\" col-xs-12 col-lg-4\">\n<div class=\"row\">\n<div class=\"col col-xs-12 col-lg-12\">\n<div class=\"field-content\"><a href=\"\/article\/1058875-fidelisation-vivo-energy-lance-son-programme-en-afrique\"><img loading=\"lazy\" decoding=\"async\" class=\"img-responsive\" typeof=\"foaf:Image\" src=\"https:\/\/www.leconomiste.com\/sites\/default\/files\/eco7\/public\/styles\/800x400\/public\/default_images\/default_une.jpg?itok=4jZlgnIZ\" width=\"660\" height=\"330\" alt=\"\"\/><\/a><\/div>\n<\/div>\n<div class=\" title_suite_2 col col-xs-12 col-lg-12\"> <a href=\"\/article\/1058875-fidelisation-vivo-energy-lance-son-programme-en-afrique\"\/><span class=\"field-content\">Fid\u00e9lisation: Vivo Energy lance son programme en Afrique<\/span><\/div>\n<\/div>\n<\/div>\n<div class=\" col-xs-12 col-lg-4\">\n<div class=\"row\">\n<div class=\"col col-xs-12 col-lg-12\">\n<div class=\"field-content\"><a href=\"\/article\/1058874-effectif-reduit-pour-disway\"><img loading=\"lazy\" decoding=\"async\" class=\"img-responsive\" typeof=\"foaf:Image\" src=\"https:\/\/www.leconomiste.com\/sites\/default\/files\/eco7\/public\/styles\/800x400\/public\/default_images\/default_une.jpg?itok=4jZlgnIZ\" width=\"660\" height=\"330\" alt=\"\"\/><\/a><\/div>\n<\/div>\n<div class=\" title_suite_2 col col-xs-12 col-lg-12\"> <a href=\"\/article\/1058874-effectif-reduit-pour-disway\"\/><span class=\"field-content\">Effectif r\u00e9duit pour Disway <\/span><\/div>\n<\/div>\n<\/div>\n<\/div>\n<\/div>\n<\/div>\n<\/div>\n<\/div>\n<p>Auteur: hlafriqi<br \/>\n<a href=\"https:\/\/www.leconomiste.com\/article\/1058868-coronavirus-pas-de-cas-positif-la-bmci\">Cliquez ici pour lire l&rsquo;article depuis sa source.<\/a><\/p>\n","protected":false},"excerpt":{"rendered":"<p>Par mesure de pr\u00e9caution et de pr\u00e9vention, la BMCI vient de fermer provisoirement l\u2019un de ses plateaux (totalement ind\u00e9pendant du si\u00e8ge et du r\u00e9seau d\u2019agences) afin de proc\u00e9der \u00e0 son nettoyage suite \u00e0 la pr\u00e9sence d\u2019un potentiel cas suspect. La banque assure qu\u2019\u00e0 date d\u2019hier, aucun cas positif n\u2019a \u00e9t\u00e9 recens\u00e9 au sein de ses [&hellip;]<\/p>\n","protected":false},"author":1763,"featured_media":0,"comment_status":"closed","ping_status":"closed","sticky":false,"template":"","format":"standard","meta":{"fifu_image_url":"","fifu_image_alt":"","footnotes":""},"categories":[78,54],"tags":[],"class_list":["post-79409","post","type-post","status-publish","format-standard","hentry","category-economie","category-maroc"],"_links":{"self":[{"href":"https:\/\/linitiative.ca\/International\/wp-json\/wp\/v2\/posts\/79409","targetHints":{"allow":["GET"]}}],"collection":[{"href":"https:\/\/linitiative.ca\/International\/wp-json\/wp\/v2\/posts"}],"about":[{"href":"https:\/\/linitiative.ca\/International\/wp-json\/wp\/v2\/types\/post"}],"author":[{"embeddable":true,"href":"https:\/\/linitiative.ca\/International\/wp-json\/wp\/v2\/users\/1763"}],"replies":[{"embeddable":true,"href":"https:\/\/linitiative.ca\/International\/wp-json\/wp\/v2\/comments?post=79409"}],"version-history":[{"count":0,"href":"https:\/\/linitiative.ca\/International\/wp-json\/wp\/v2\/posts\/79409\/revisions"}],"wp:attachment":[{"href":"https:\/\/linitiative.ca\/International\/wp-json\/wp\/v2\/media?parent=79409"}],"wp:term":[{"taxonomy":"category","embeddable":true,"href":"https:\/\/linitiative.ca\/International\/wp-json\/wp\/v2\/categories?post=79409"},{"taxonomy":"post_tag","embeddable":true,"href":"https:\/\/linitiative.ca\/International\/wp-json\/wp\/v2\/tags?post=79409"}],"curies":[{"name":"wp","href":"https:\/\/api.w.org\/{rel}","templated":true}]}}