{"id":79410,"date":"2020-03-18T05:20:00","date_gmt":"2020-03-18T09:20:00","guid":{"rendered":"https:\/\/linitiative.ca\/International\/coronavirus-mobilisation-generale-dans-larmee\/"},"modified":"2020-03-18T05:20:00","modified_gmt":"2020-03-18T09:20:00","slug":"coronavirus-mobilisation-generale-dans-larmee","status":"publish","type":"post","link":"https:\/\/linitiative.ca\/International\/coronavirus-mobilisation-generale-dans-larmee\/","title":{"rendered":"Coronavirus: Mobilisation g\u00e9n\u00e9rale dans l\u2019arm\u00e9e"},"content":{"rendered":"<div class=\"author\" readability=\"5.79310344828\">Par <a href=\"\/content\/jihad-rizk\">Jihad RIZK <\/a> <a href=\"\/node\/\"> <\/a> | Edition N\u00b0:5720 Le 17\/03\/2020 | Partager <\/div>\n<div class=\"body\">\n<div class=\"field field-name-body field-type-text-with-summary field-label-hidden\">\n<div class=\"field-items\" readability=\"7.5\">\n<div class=\"field-item even\" property=\"content:encoded\" readability=\"10\">\n<p class=\"rtejustify\">Alerte g\u00e9n\u00e9rale aupr\u00e8s de l\u2019ensemble du personnel des Forces Arm\u00e9es Royales. Des instructions fermes ont \u00e9t\u00e9 donn\u00e9es pour l\u2019annulation de l\u2019ensemble des permissions et la mobilisation dans les casernes \u00e0 cause de la pr\u00e9vention de la propagation du coronavirus. M\u00eame les militaires d\u00e9j\u00e0 en permission ont \u00e9t\u00e9 rappel\u00e9s \u00e0 rejoindre les casernes. Il est fort possible que les m\u00e9decins militaires soient d\u00e9ploy\u00e9s en renfort aupr\u00e8s du personnel m\u00e9dical des h\u00f4pitaux publics<em>. <\/em><\/p>\n<p class=\"rtejustify\"><em>J.R.\u00a0 <\/em><\/p>\n<\/div>\n<\/div>\n<\/div>\n<\/div>\n<div class=\"eco-conseil\">\n<div class=\"view view-eco-conseil-16 view-id-eco_conseil_16 view-display-id-cookies view-dom-id-7eeeb164ebcde366c3bc4466d718f921\">\n<div class=\"view-content\">\n<div id=\"views-bootstrap-grid-1\" class=\"views-bootstrap-grid-plugin-style\">\n<div class=\"row\">\n<div class=\" col-xs-12 col-lg-4\">\n<div class=\"row\">\n<div class=\"col col-xs-12 col-lg-12\">\n<div class=\"field-content\"><a href=\"\/article\/1058876-cahier-competences-rh\"><img loading=\"lazy\" decoding=\"async\" class=\"img-responsive\" typeof=\"foaf:Image\" src=\"https:\/\/www.leconomiste.com\/sites\/default\/files\/eco7\/public\/styles\/800x400\/public\/default_images\/default_une.jpg?itok=4jZlgnIZ\" width=\"660\" height=\"330\" alt=\"\"\/><\/a><\/div>\n<\/div>\n<div class=\" title_suite_2 col col-xs-12 col-lg-12\"> <a href=\"\/article\/1058876-cahier-competences-rh\"\/><span class=\"field-content\">Cahier Comp\u00e9tences &amp; RH<\/span><\/div>\n<\/div>\n<\/div>\n<div class=\" col-xs-12 col-lg-4\">\n<div class=\"row\">\n<div class=\"col col-xs-12 col-lg-12\">\n<div class=\"field-content\"><a href=\"\/article\/1058875-fidelisation-vivo-energy-lance-son-programme-en-afrique\"><img loading=\"lazy\" decoding=\"async\" class=\"img-responsive\" typeof=\"foaf:Image\" src=\"https:\/\/www.leconomiste.com\/sites\/default\/files\/eco7\/public\/styles\/800x400\/public\/default_images\/default_une.jpg?itok=4jZlgnIZ\" width=\"660\" height=\"330\" alt=\"\"\/><\/a><\/div>\n<\/div>\n<div class=\" title_suite_2 col col-xs-12 col-lg-12\"> <a href=\"\/article\/1058875-fidelisation-vivo-energy-lance-son-programme-en-afrique\"\/><span class=\"field-content\">Fid\u00e9lisation: Vivo Energy lance son programme en Afrique<\/span><\/div>\n<\/div>\n<\/div>\n<div class=\" col-xs-12 col-lg-4\">\n<div class=\"row\">\n<div class=\"col col-xs-12 col-lg-12\">\n<div class=\"field-content\"><a href=\"\/article\/1058874-effectif-reduit-pour-disway\"><img loading=\"lazy\" decoding=\"async\" class=\"img-responsive\" typeof=\"foaf:Image\" src=\"https:\/\/www.leconomiste.com\/sites\/default\/files\/eco7\/public\/styles\/800x400\/public\/default_images\/default_une.jpg?itok=4jZlgnIZ\" width=\"660\" height=\"330\" alt=\"\"\/><\/a><\/div>\n<\/div>\n<div class=\" title_suite_2 col col-xs-12 col-lg-12\"> <a href=\"\/article\/1058874-effectif-reduit-pour-disway\"\/><span class=\"field-content\">Effectif r\u00e9duit pour Disway <\/span><\/div>\n<\/div>\n<\/div>\n<\/div>\n<\/div>\n<\/div>\n<\/div>\n<\/div>\n<p>Auteur: hlafriqi<br \/>\n<a href=\"https:\/\/www.leconomiste.com\/article\/1058867-coronavirus-mobilisation-generale-dans-l-armee\">Cliquez ici pour lire l&rsquo;article depuis sa source.<\/a><\/p>\n","protected":false},"excerpt":{"rendered":"<p>Par Jihad RIZK | Edition N\u00b0:5720 Le 17\/03\/2020 | Partager Alerte g\u00e9n\u00e9rale aupr\u00e8s de l\u2019ensemble du personnel des Forces Arm\u00e9es Royales. Des instructions fermes ont \u00e9t\u00e9 donn\u00e9es pour l\u2019annulation de l\u2019ensemble des permissions et la mobilisation dans les casernes \u00e0 cause de la pr\u00e9vention de la propagation du coronavirus. M\u00eame les militaires d\u00e9j\u00e0 en permission [&hellip;]<\/p>\n","protected":false},"author":1763,"featured_media":0,"comment_status":"closed","ping_status":"closed","sticky":false,"template":"","format":"standard","meta":{"fifu_image_url":"","fifu_image_alt":"","footnotes":""},"categories":[78,54],"tags":[],"class_list":["post-79410","post","type-post","status-publish","format-standard","hentry","category-economie","category-maroc"],"_links":{"self":[{"href":"https:\/\/linitiative.ca\/International\/wp-json\/wp\/v2\/posts\/79410","targetHints":{"allow":["GET"]}}],"collection":[{"href":"https:\/\/linitiative.ca\/International\/wp-json\/wp\/v2\/posts"}],"about":[{"href":"https:\/\/linitiative.ca\/International\/wp-json\/wp\/v2\/types\/post"}],"author":[{"embeddable":true,"href":"https:\/\/linitiative.ca\/International\/wp-json\/wp\/v2\/users\/1763"}],"replies":[{"embeddable":true,"href":"https:\/\/linitiative.ca\/International\/wp-json\/wp\/v2\/comments?post=79410"}],"version-history":[{"count":0,"href":"https:\/\/linitiative.ca\/International\/wp-json\/wp\/v2\/posts\/79410\/revisions"}],"wp:attachment":[{"href":"https:\/\/linitiative.ca\/International\/wp-json\/wp\/v2\/media?parent=79410"}],"wp:term":[{"taxonomy":"category","embeddable":true,"href":"https:\/\/linitiative.ca\/International\/wp-json\/wp\/v2\/categories?post=79410"},{"taxonomy":"post_tag","embeddable":true,"href":"https:\/\/linitiative.ca\/International\/wp-json\/wp\/v2\/tags?post=79410"}],"curies":[{"name":"wp","href":"https:\/\/api.w.org\/{rel}","templated":true}]}}