{"id":79412,"date":"2020-03-18T15:10:27","date_gmt":"2020-03-18T19:10:27","guid":{"rendered":"https:\/\/linitiative.ca\/International\/pros-coronavirus-le-message-de-yacine-brahimi\/"},"modified":"2020-03-18T15:10:27","modified_gmt":"2020-03-18T19:10:27","slug":"pros-coronavirus-le-message-de-yacine-brahimi","status":"publish","type":"post","link":"https:\/\/linitiative.ca\/International\/pros-coronavirus-le-message-de-yacine-brahimi\/","title":{"rendered":"Pros : Coronavirus : Le message de Yacine Brahimi"},"content":{"rendered":"<div readability=\"32\">\n<p>Auteur : <span class=\"time\">mercredi 18 mars 2020 15:24<\/span><\/p>\n<\/div>\n<div id=\"post_core\" readability=\"42\">\n<p>C&rsquo;est le cas de l&rsquo;international alg\u00e9rien Yacine Brahimi. A travers une vid\u00e9o partag\u00e9e sur le twitter officiel d&rsquo;Al Rayyan, l&rsquo;ancien joueur de Porto conseille aux gens de respecter les diff\u00e9rents gestes de pr\u00e9vention face au coronavirus. Voici le message de l&rsquo;international alg\u00e9rien :<\/p>\n<p><em>\u00ab\u00a0Essalamou Alaikoum \u00e0 tous. J\u2019esp\u00e8re que vous allez bien. C\u2019est Yacine Brahimi. Je fais cette petite vid\u00e9o pour vous envoyer toute ma force en esp\u00e9rant que vous vous portez bien durant cette p\u00e9riode un petit peu d\u00e9licate. Un petit message aussi pour vous dire de respecter tous les gestes de pr\u00e9vention qu\u2019on doit appliquer en ce moment, comme de se laver les mains ou bien de tousser dans son coude. Tout ce que les m\u00e9decins ou les pharmaciens peuvent nous donner comme aide. Voila, j\u2019esp\u00e8re que vous vous portez bien. Prenez soin de vous et qu\u2019Allah vous prot\u00e8ge. Que dieu fasse que cette p\u00e9riode passe vite et que tout le monde gu\u00e9risse inchallah\u00a0\u00bb.<\/em><\/p>\n<p><strong>Publi\u00e9 dans :<\/strong> <span>Brahimi<\/span><\/p>\n<\/div>\n<p>Auteur:<br \/>\n<a href=\"http:\/\/www.lebuteur.com\/article\/detail?titre=coronavirus-le-message-de-yacine-brahimi&#038;id=95347&#038;utm_source=feedburner&#038;utm_medium=feed&#038;utm_campaign=Feed%3A+GalerieFArtciles+%28Les+derniers+articles++-+lebuteur.com%29\">Cliquez ici pour lire l&rsquo;article depuis sa source.<\/a><\/p>\n","protected":false},"excerpt":{"rendered":"<p>Auteur : mercredi 18 mars 2020 15:24 C&rsquo;est le cas de l&rsquo;international alg\u00e9rien Yacine Brahimi. A travers une vid\u00e9o partag\u00e9e sur le twitter officiel d&rsquo;Al Rayyan, l&rsquo;ancien joueur de Porto conseille aux gens de respecter les diff\u00e9rents gestes de pr\u00e9vention face au coronavirus. Voici le message de l&rsquo;international alg\u00e9rien : \u00ab\u00a0Essalamou Alaikoum \u00e0 tous. J\u2019esp\u00e8re [&hellip;]<\/p>\n","protected":false},"author":1738,"featured_media":79413,"comment_status":"closed","ping_status":"closed","sticky":false,"template":"","format":"standard","meta":{"fifu_image_url":"","fifu_image_alt":"","footnotes":""},"categories":[53,75],"tags":[],"class_list":["post-79412","post","type-post","status-publish","format-standard","has-post-thumbnail","hentry","category-algerie","category-sport"],"_links":{"self":[{"href":"https:\/\/linitiative.ca\/International\/wp-json\/wp\/v2\/posts\/79412","targetHints":{"allow":["GET"]}}],"collection":[{"href":"https:\/\/linitiative.ca\/International\/wp-json\/wp\/v2\/posts"}],"about":[{"href":"https:\/\/linitiative.ca\/International\/wp-json\/wp\/v2\/types\/post"}],"author":[{"embeddable":true,"href":"https:\/\/linitiative.ca\/International\/wp-json\/wp\/v2\/users\/1738"}],"replies":[{"embeddable":true,"href":"https:\/\/linitiative.ca\/International\/wp-json\/wp\/v2\/comments?post=79412"}],"version-history":[{"count":0,"href":"https:\/\/linitiative.ca\/International\/wp-json\/wp\/v2\/posts\/79412\/revisions"}],"wp:featuredmedia":[{"embeddable":true,"href":"https:\/\/linitiative.ca\/International\/wp-json\/"}],"wp:attachment":[{"href":"https:\/\/linitiative.ca\/International\/wp-json\/wp\/v2\/media?parent=79412"}],"wp:term":[{"taxonomy":"category","embeddable":true,"href":"https:\/\/linitiative.ca\/International\/wp-json\/wp\/v2\/categories?post=79412"},{"taxonomy":"post_tag","embeddable":true,"href":"https:\/\/linitiative.ca\/International\/wp-json\/wp\/v2\/tags?post=79412"}],"curies":[{"name":"wp","href":"https:\/\/api.w.org\/{rel}","templated":true}]}}