{"id":79418,"date":"2020-03-18T15:10:36","date_gmt":"2020-03-18T19:10:36","guid":{"rendered":"https:\/\/linitiative.ca\/International\/international-le-coronavirus-la-punchline-de-zlatan\/"},"modified":"2020-03-18T15:10:36","modified_gmt":"2020-03-18T19:10:36","slug":"international-le-coronavirus-la-punchline-de-zlatan","status":"publish","type":"post","link":"https:\/\/linitiative.ca\/International\/international-le-coronavirus-la-punchline-de-zlatan\/","title":{"rendered":"International : Le coronavirus, la punchline de Zlatan"},"content":{"rendered":"<div readability=\"32\">\n<p>Auteur : <span class=\"time\">mercredi 18 mars 2020 18:08<\/span><\/p>\n<\/div>\n<div id=\"post_core\" readability=\"43\">\n<p>Le retour au Milan AC, Zlatan Ibrahimovic \u00a0est conscient de la gravit\u00e9 de la situation en Italie, o\u00f9 l&rsquo;\u00e9pid\u00e9mie de coronavirus fait des ravages. Dans une vid\u00e9o publi\u00e9e sur Instagram, l&rsquo;attaquant su\u00e9dois a annonc\u00e9 l&rsquo;ouverture d&rsquo;une cagnotte pour aider les h\u00f4pitaux de la r\u00e9gion: \u00ab\u00a0L&rsquo;Italie m&rsquo;a beaucoup donn\u00e9, alors en ce moment dramatique je me dois de faire quelque chose de concret pour un pays que j\u2019aime. J\u2019ai d\u00e9cid\u00e9 d&rsquo;ouvrir une cagnotte pour les h\u00f4pitaux Humanitas, a indiqu\u00e9 l&rsquo;ancien Parisien, avec un ton s\u00e9rieux, avant de terminer dans son style particulier. Si le virus ne vient pas \u00e0 Zlatan, Zlatan ira au virus.\u00a0\u00bbrapporte Maxifoot.fr.<\/p>\n<p><strong>Publi\u00e9 dans :<\/strong> <span>zlatan<\/span><\/p>\n<\/div>\n<p>Auteur:<br \/>\n<a href=\"http:\/\/www.lebuteur.com\/article\/detail?titre=le-coronavirus-la-punchline-de-zlatan&#038;id=95349&#038;utm_source=feedburner&#038;utm_medium=feed&#038;utm_campaign=Feed%3A+GalerieFArtciles+%28Les+derniers+articles++-+lebuteur.com%29\">Cliquez ici pour lire l&rsquo;article depuis sa source.<\/a><\/p>\n","protected":false},"excerpt":{"rendered":"<p>Auteur : mercredi 18 mars 2020 18:08 Le retour au Milan AC, Zlatan Ibrahimovic \u00a0est conscient de la gravit\u00e9 de la situation en Italie, o\u00f9 l&rsquo;\u00e9pid\u00e9mie de coronavirus fait des ravages. Dans une vid\u00e9o publi\u00e9e sur Instagram, l&rsquo;attaquant su\u00e9dois a annonc\u00e9 l&rsquo;ouverture d&rsquo;une cagnotte pour aider les h\u00f4pitaux de la r\u00e9gion: \u00ab\u00a0L&rsquo;Italie m&rsquo;a beaucoup donn\u00e9, [&hellip;]<\/p>\n","protected":false},"author":1738,"featured_media":79419,"comment_status":"closed","ping_status":"closed","sticky":false,"template":"","format":"standard","meta":{"fifu_image_url":"","fifu_image_alt":"","footnotes":""},"categories":[53,75],"tags":[],"class_list":["post-79418","post","type-post","status-publish","format-standard","has-post-thumbnail","hentry","category-algerie","category-sport"],"_links":{"self":[{"href":"https:\/\/linitiative.ca\/International\/wp-json\/wp\/v2\/posts\/79418","targetHints":{"allow":["GET"]}}],"collection":[{"href":"https:\/\/linitiative.ca\/International\/wp-json\/wp\/v2\/posts"}],"about":[{"href":"https:\/\/linitiative.ca\/International\/wp-json\/wp\/v2\/types\/post"}],"author":[{"embeddable":true,"href":"https:\/\/linitiative.ca\/International\/wp-json\/wp\/v2\/users\/1738"}],"replies":[{"embeddable":true,"href":"https:\/\/linitiative.ca\/International\/wp-json\/wp\/v2\/comments?post=79418"}],"version-history":[{"count":0,"href":"https:\/\/linitiative.ca\/International\/wp-json\/wp\/v2\/posts\/79418\/revisions"}],"wp:featuredmedia":[{"embeddable":true,"href":"https:\/\/linitiative.ca\/International\/wp-json\/"}],"wp:attachment":[{"href":"https:\/\/linitiative.ca\/International\/wp-json\/wp\/v2\/media?parent=79418"}],"wp:term":[{"taxonomy":"category","embeddable":true,"href":"https:\/\/linitiative.ca\/International\/wp-json\/wp\/v2\/categories?post=79418"},{"taxonomy":"post_tag","embeddable":true,"href":"https:\/\/linitiative.ca\/International\/wp-json\/wp\/v2\/tags?post=79418"}],"curies":[{"name":"wp","href":"https:\/\/api.w.org\/{rel}","templated":true}]}}