{"id":79420,"date":"2020-03-18T15:10:38","date_gmt":"2020-03-18T19:10:38","guid":{"rendered":"https:\/\/linitiative.ca\/International\/international-real-florentino-perez-sadresse-aux-supporters\/"},"modified":"2020-03-18T15:10:38","modified_gmt":"2020-03-18T19:10:38","slug":"international-real-florentino-perez-sadresse-aux-supporters","status":"publish","type":"post","link":"https:\/\/linitiative.ca\/International\/international-real-florentino-perez-sadresse-aux-supporters\/","title":{"rendered":"International : Real : Florentino Perez s&rsquo;adresse aux supporters"},"content":{"rendered":"<div readability=\"32\">\n<p>Auteur : <span class=\"time\">mercredi 18 mars 2020 19:46<\/span><\/p>\n<\/div>\n<div id=\"post_core\" readability=\"67\">\n<p>Ce mercredi, Florentino P\u00e9rez, le pr\u00e9sident du Real Madrid, est sorti du silence. Il a r\u00e9dig\u00e9 un long message \u00e0 l\u2019intention des socios du club :<\/p>\n<p>\u00ab\u00a0Ch\u00e8res et chers socios, Tout d\u2019abord, j\u2019esp\u00e8re que vous et vos familles \u00eates en mesure de faire face \u00e0 ces circonstances exceptionnelles et difficiles que nous vivons dans notre pays et dans le monde entier. Je tiens \u00e9galement \u00e0 exprimer, au nom de tous les Madridistas, ma solidarit\u00e9 avec ces familles que la pand\u00e9mie du coronavirus a touch\u00e9 directement. Vous avez toute notre force et notre soutien pour surmonter la douleur de ceux qui sont touch\u00e9s. Comme vous l\u2019avez appris par nos diff\u00e9rents canaux de communication, le club a pris toutes les mesures et pr\u00e9cautions n\u00e9cessaires pour contribuer \u00e0 arr\u00eater la propagation du coronavirus, en respectant strictement toutes les dispositions l\u00e9gales et les recommandations suppl\u00e9mentaires des autorit\u00e9s sanitaires\u00a0\u00bb.<\/p>\n<p>\u00ab\u00a0Le Real Madrid a proc\u00e9d\u00e9 \u00e0 la suspension de l\u2019activit\u00e9 sportive, tant \u00e0 l\u2019entra\u00eenement que pour les matchs. Les bureaux des services aux socios et le Tour Bernab\u00e9u ont \u00e9t\u00e9 ferm\u00e9s, et toutes les activit\u00e9s de la Ciudad Real Madrid et de la Fondation Real Madrid ont \u00e9t\u00e9 suspendues. Cependant, et pr\u00e9cis\u00e9ment pour cette raison, il est temps pour nous de rester forts et unis dans nos valeurs, si essentielles dans les 118 ann\u00e9es d\u2019histoire du Real Madrid. C\u2019est aussi le moment de souligner tout particuli\u00e8rement la valeur de la solidarit\u00e9, en suivant strictement les indications des autorit\u00e9s et, surtout, en restant chez soi. Le Real Madrid continue de fonctionner et reste ouvert pour ses socios \u00e0 travers le Bureau en Ligne d\u2019Attention au Socio. Je tiens \u00e0 tous vous remercier pour votre compr\u00e9hension. Nous faisons partie du meilleur club de l\u2019histoire, d\u2019un Real Madrid qui ne se rend jamais et qui repr\u00e9sente le sentiment de millions de personnes dans le monde entier. Ensemble, nous surmonterons cet immense d\u00e9fi. Aujourd\u2019hui plus que jamais, je vous adresse mes meilleurs v\u0153ux, \u00e0 vous et vos familles. Prenez bien soin de vous et j\u2019esp\u00e8re que nous pourrons bient\u00f4t nous revoir et revenir \u00e0 la normale. Nous le ferons ensemble et avec la certitude que nous profiterons \u00e0 nouveau du Real Madrid avec la m\u00eame passion et les m\u00eames r\u00eaves que toujours. Ce sentiment est notre plus grande force. Avec toute mon affection, Florentino P\u00e9rez\u00a0\u00bb. Des propos relay\u00e9s par Footmercato.<\/p>\n<p><strong>Publi\u00e9 dans :<\/strong> <span>real madrid<\/span><\/p>\n<\/div>\n<p>Auteur:<br \/>\n<a href=\"http:\/\/www.lebuteur.com\/article\/detail?titre=real-florentino-perez-sadresse-aux-supporters&#038;id=95350&#038;utm_source=feedburner&#038;utm_medium=feed&#038;utm_campaign=Feed%3A+GalerieFArtciles+%28Les+derniers+articles++-+lebuteur.com%29\">Cliquez ici pour lire l&rsquo;article depuis sa source.<\/a><\/p>\n","protected":false},"excerpt":{"rendered":"<p>Auteur : mercredi 18 mars 2020 19:46 Ce mercredi, Florentino P\u00e9rez, le pr\u00e9sident du Real Madrid, est sorti du silence. Il a r\u00e9dig\u00e9 un long message \u00e0 l\u2019intention des socios du club : \u00ab\u00a0Ch\u00e8res et chers socios, Tout d\u2019abord, j\u2019esp\u00e8re que vous et vos familles \u00eates en mesure de faire face \u00e0 ces circonstances exceptionnelles [&hellip;]<\/p>\n","protected":false},"author":1738,"featured_media":79421,"comment_status":"closed","ping_status":"closed","sticky":false,"template":"","format":"standard","meta":{"fifu_image_url":"","fifu_image_alt":"","footnotes":""},"categories":[53,75],"tags":[],"class_list":["post-79420","post","type-post","status-publish","format-standard","has-post-thumbnail","hentry","category-algerie","category-sport"],"_links":{"self":[{"href":"https:\/\/linitiative.ca\/International\/wp-json\/wp\/v2\/posts\/79420","targetHints":{"allow":["GET"]}}],"collection":[{"href":"https:\/\/linitiative.ca\/International\/wp-json\/wp\/v2\/posts"}],"about":[{"href":"https:\/\/linitiative.ca\/International\/wp-json\/wp\/v2\/types\/post"}],"author":[{"embeddable":true,"href":"https:\/\/linitiative.ca\/International\/wp-json\/wp\/v2\/users\/1738"}],"replies":[{"embeddable":true,"href":"https:\/\/linitiative.ca\/International\/wp-json\/wp\/v2\/comments?post=79420"}],"version-history":[{"count":0,"href":"https:\/\/linitiative.ca\/International\/wp-json\/wp\/v2\/posts\/79420\/revisions"}],"wp:featuredmedia":[{"embeddable":true,"href":"https:\/\/linitiative.ca\/International\/wp-json\/"}],"wp:attachment":[{"href":"https:\/\/linitiative.ca\/International\/wp-json\/wp\/v2\/media?parent=79420"}],"wp:term":[{"taxonomy":"category","embeddable":true,"href":"https:\/\/linitiative.ca\/International\/wp-json\/wp\/v2\/categories?post=79420"},{"taxonomy":"post_tag","embeddable":true,"href":"https:\/\/linitiative.ca\/International\/wp-json\/wp\/v2\/tags?post=79420"}],"curies":[{"name":"wp","href":"https:\/\/api.w.org\/{rel}","templated":true}]}}