{"id":79428,"date":"2020-03-18T11:31:40","date_gmt":"2020-03-18T15:31:40","guid":{"rendered":"https:\/\/linitiative.ca\/International\/103184-football-coronavirus-c-est-illogique-de-parler-de-saison-blanche\/"},"modified":"2020-03-18T11:31:40","modified_gmt":"2020-03-18T15:31:40","slug":"103184-football-coronavirus-c-est-illogique-de-parler-de-saison-blanche","status":"publish","type":"post","link":"https:\/\/linitiative.ca\/International\/103184-football-coronavirus-c-est-illogique-de-parler-de-saison-blanche\/","title":{"rendered":"Football \/ Coronavirus : \u00ab\u00a0C\u2019est illogique de parler de saison  blanche\u00a0\u00bb"},"content":{"rendered":"<div readability=\"38\">\n<p><strong>ALGER- Le pr\u00e9sident de la Ligue de football professionnel (LFP), Abdelkrim Medouar, a bott\u00e9 en touche mercredi l\u2019\u00e9ventualit\u00e9 de d\u00e9cr\u00e9ter une saison blanche en raison de la pand\u00e9mie du nouveau coronavirus (Covid-19), soulignant qu&rsquo;aucune hypoth\u00e8se n\u2019a \u00e9t\u00e9 \u00e9voqu\u00e9e pour le moment si la suspension des comp\u00e9titions serait prolong\u00e9e au-del\u00e0 du 5 avril.<\/strong><\/p>\n<\/div>\n<div readability=\"68.5\">\n<p>\u00ab\u00a0Concernant l\u2019\u00e9ventualit\u00e9 de d\u00e9cr\u00e9ter une saison blanche, on n\u2019en est pas encore l\u00e0. C&rsquo;est illogique de parler d\u2019une saison blanche du moment que nous ne pouvons pas pr\u00e9voir ce qui va se passer. Je regrette la pol\u00e9mique provoqu\u00e9e par certains responsables de club par rapport \u00e0 la situation actuelle. Ceux qui jouent le titre souhaitent la poursuite du championnat, alors que ceux qui sont menac\u00e9s par la rel\u00e9gation pr\u00e9f\u00e8rent une saison blanche ! La LFP n\u2019est pas en mesure de dire aujourd\u2019hui s&rsquo;il y aura annulation ou non du championnat\u00a0\u00bb, a indiqu\u00e9 \u00e0 l\u2019APS le premier responsable de la LFP.<\/p>\n<p>Un nouveau cas de d\u00e9c\u00e8s li\u00e9 au coronavirus a \u00e9t\u00e9 enregistr\u00e9 en Alg\u00e9rie, portant le nombre de d\u00e9c\u00e8s \u00e0 6 sur un total de 72 cas confirm\u00e9s, selon un dernier bilan \u00e9tabli mercredi par le minist\u00e8re de la Sant\u00e9, de la Population et de la R\u00e9forme hospitali\u00e8re.<\/p>\n<p>En raison de la situation sanitaire actuelle au pays, le minist\u00e8re de la Jeunesse et des Sports (MJS) a pris dimanche la d\u00e9cision de suspendre toutes les manifestations sportives (championnats et coupes), toutes disciplines confondues, et fermer toutes les infrastructures sportives, de jeunesse et de loisirs, jusqu&rsquo;au 5 avril.<\/p>\n<blockquote readability=\"14\">\n<p><strong><em>\u00ab\u00a0Nous avons r\u00e9fl\u00e9chi \u00e0 un nouveau calendrier, concernant notamment les matchs de mise \u00e0 jour des deux Ligues professionnelles (trois en Ligue 1 et 2 en Ligue 2, ndlr), et la suite des quarts de finale de la Coupe d\u2019Alg\u00e9rie. Les matchs pourraient bien avoir lieu \u00e0 huis clos. En revanche, rien n&rsquo;a \u00e9t\u00e9 d\u00e9cid\u00e9 dans le cas o\u00f9 la reprise ne se ferait pas \u00e0 partir du 5 avril prochain. Nous sommes en train de travailler selon la situation actuelle. Si le championnat va reprendre \u00e0 partir de la date fix\u00e9e par le MJS, la fin de la comp\u00e9tition pourrait \u00eatre d\u00e9cal\u00e9e jusqu\u2019en juin prochain\u00a0\u00bb, a ajout\u00e9 Medouar.<\/em><\/strong><\/p>\n<\/blockquote>\n<p>Le pr\u00e9sident de la LFP n\u2019a pas omis de lancer un appel \u00e0 la famille du football alg\u00e9rien, \u00ab\u00a0pour faire preuve de responsabilit\u00e9 et de vigilance devant ce virus qui frappe notre pays. La pr\u00e9vention est notre unique arme pour faire face \u00e0 cette pand\u00e9mie. Concernant les joueurs, ils devront suivre le programme d\u2019entra\u00eenement individuel concoct\u00e9 par leur staff technique pour entretenir la forme. Je souhaite que ce virus disparaisse le plus rapidement possible en Alg\u00e9rie et dans le monde entier\u00a0\u00bb, a-t-il conclu.<\/p>\n<\/div>\n<p>Auteur:<br \/>\n<a href=\"http:\/\/www.aps.dz\/sport\/103184-football-coronavirus-c-est-illogique-de-parler-de-saison-blanche?utm_source=feedburner&#038;utm_medium=feed&#038;utm_campaign=Feed%3A+aps-sport+%28APS+-+SPORT%29\">Cliquez ici pour lire l&rsquo;article depuis sa source.<\/a><\/p>\n","protected":false},"excerpt":{"rendered":"<p>ALGER- Le pr\u00e9sident de la Ligue de football professionnel (LFP), Abdelkrim Medouar, a bott\u00e9 en touche mercredi l\u2019\u00e9ventualit\u00e9 de d\u00e9cr\u00e9ter une saison blanche en raison de la pand\u00e9mie du nouveau coronavirus (Covid-19), soulignant qu&rsquo;aucune hypoth\u00e8se n\u2019a \u00e9t\u00e9 \u00e9voqu\u00e9e pour le moment si la suspension des comp\u00e9titions serait prolong\u00e9e au-del\u00e0 du 5 avril. \u00ab\u00a0Concernant l\u2019\u00e9ventualit\u00e9 de [&hellip;]<\/p>\n","protected":false},"author":1790,"featured_media":0,"comment_status":"closed","ping_status":"closed","sticky":false,"template":"","format":"standard","meta":{"fifu_image_url":"","fifu_image_alt":"","footnotes":""},"categories":[53,75],"tags":[],"class_list":["post-79428","post","type-post","status-publish","format-standard","hentry","category-algerie","category-sport"],"_links":{"self":[{"href":"https:\/\/linitiative.ca\/International\/wp-json\/wp\/v2\/posts\/79428","targetHints":{"allow":["GET"]}}],"collection":[{"href":"https:\/\/linitiative.ca\/International\/wp-json\/wp\/v2\/posts"}],"about":[{"href":"https:\/\/linitiative.ca\/International\/wp-json\/wp\/v2\/types\/post"}],"author":[{"embeddable":true,"href":"https:\/\/linitiative.ca\/International\/wp-json\/wp\/v2\/users\/1790"}],"replies":[{"embeddable":true,"href":"https:\/\/linitiative.ca\/International\/wp-json\/wp\/v2\/comments?post=79428"}],"version-history":[{"count":0,"href":"https:\/\/linitiative.ca\/International\/wp-json\/wp\/v2\/posts\/79428\/revisions"}],"wp:attachment":[{"href":"https:\/\/linitiative.ca\/International\/wp-json\/wp\/v2\/media?parent=79428"}],"wp:term":[{"taxonomy":"category","embeddable":true,"href":"https:\/\/linitiative.ca\/International\/wp-json\/wp\/v2\/categories?post=79428"},{"taxonomy":"post_tag","embeddable":true,"href":"https:\/\/linitiative.ca\/International\/wp-json\/wp\/v2\/tags?post=79428"}],"curies":[{"name":"wp","href":"https:\/\/api.w.org\/{rel}","templated":true}]}}