{"id":79429,"date":"2020-03-18T11:58:00","date_gmt":"2020-03-18T15:58:00","guid":{"rendered":"https:\/\/linitiative.ca\/International\/proces-de-lex-dgsn-abdelghani-hamel-le-verdict-prononce-le-1er-avril\/"},"modified":"2020-03-18T11:58:00","modified_gmt":"2020-03-18T15:58:00","slug":"proces-de-lex-dgsn-abdelghani-hamel-le-verdict-prononce-le-1er-avril","status":"publish","type":"post","link":"https:\/\/linitiative.ca\/International\/proces-de-lex-dgsn-abdelghani-hamel-le-verdict-prononce-le-1er-avril\/","title":{"rendered":"PROCES DE L&rsquo;EX-DGSN, ABDELGHANI HAMEL : Le verdict prononc\u00e9  le 1er avril"},"content":{"rendered":"<p><br id=\"sep_para_1\" class=\"sep_para access\"\/><\/p>\n<div id=\"para_1\" class=\"para_36017515 resize\">\n<div class=\"texte access firstletter\">Le verdict du jugement de l&rsquo;affaire de l&rsquo;ancien Directeur g\u00e9n\u00e9ral de la s\u00fbret\u00e9 nationale (DGSN), Abdelghani Hamel et des membres de sa famille sera rendu le 1er avril prochain, a annonc\u00e9\u00a0 la pr\u00e9sidente de la section correctionnelle au tribunal de Sidi M&rsquo;hamed \u00e0 Alger. En d\u00e9pit de la suspension des audiences correctionnelles au tribunal de Sidi M&rsquo;hamed au d\u00e9but de la journ\u00e9e, en application des d\u00e9cisions du minist\u00e8re de la Justice, l&rsquo;affaire d&rsquo;Abdelghani Hamel et ses coaccus\u00e9s s&rsquo;est poursuivie pour le cinqui\u00e8me jour car elle concerne \u00ab\u00a0des personnes en d\u00e9tention dont les affaires sont enr\u00f4l\u00e9es\u00a0\u00bb, une exception qui a \u00e9t\u00e9 autoris\u00e9e par le minist\u00e8re \u00e0 condition que ces proc\u00e8s soient d\u00e9roul\u00e9s \u00ab\u00a0en pr\u00e9sence des concern\u00e9s sans le public\u00a0\u00bb.\u00a0 Avant de donner la parole \u00e0 tous les accus\u00e9s qui ont exprim\u00e9 leur confiance en la justice et demand\u00e9 leur acquittement, le tribunal a poursuivi l&rsquo;audition des plaidoiries de la d\u00e9fense des accus\u00e9s.\u00a0 Durant l&rsquo;audience d&rsquo;aujourd&rsquo;hui qui a dur\u00e9 pr\u00e8s de 12 heures, un seul collectif de d\u00e9fense s&rsquo;est constitu\u00e9 en faveur d&rsquo;Abdelghani Hamel et son \u00e9pouse Anani Salima et ses quatre enfants (Amiar, Chafik, Mourad et Chahinaz).\u00a0 La d\u00e9fense a demand\u00e9 au tribunal de \u00ab\u00a0prendre en compte le parcours professionnel de l&rsquo;accus\u00e9 principal et de mettre en libert\u00e9 les membres de la famille Hamel, estimant que \u00ab\u00a0le proc\u00e8s d&rsquo;une famille enti\u00e8re est in\u00e9dit dans l&rsquo;histoire de la justice alg\u00e9rienne\u00a0\u00bb.\u00a0\u00a0\u00a0\u00a0\u00a0\u00a0\u00a0\u00a0\u00a0\u00a0\u00a0\u00a0\u00a0<\/div>\n<\/div>\n<p>Auteur: Nadine<br \/>\n<a href=\"https:\/\/www.reflexiondz.net\/PROCES-DE-L-EX-DGSN-ABDELGHANI-HAMEL-Le-verdict-prononce-le-1er-avril_a61369.html\">Cliquez ici pour lire l&rsquo;article depuis sa source.<\/a><\/p>\n","protected":false},"excerpt":{"rendered":"<p>Le verdict du jugement de l&rsquo;affaire de l&rsquo;ancien Directeur g\u00e9n\u00e9ral de la s\u00fbret\u00e9 nationale (DGSN), Abdelghani Hamel et des membres de sa famille sera rendu le 1er avril prochain, a annonc\u00e9\u00a0 la pr\u00e9sidente de la section correctionnelle au tribunal de Sidi M&rsquo;hamed \u00e0 Alger. En d\u00e9pit de la suspension des audiences correctionnelles au tribunal de [&hellip;]<\/p>\n","protected":false},"author":1740,"featured_media":0,"comment_status":"closed","ping_status":"closed","sticky":false,"template":"","format":"standard","meta":{"fifu_image_url":"","fifu_image_alt":"","footnotes":""},"categories":[53,76],"tags":[],"class_list":["post-79429","post","type-post","status-publish","format-standard","hentry","category-algerie","category-regions"],"_links":{"self":[{"href":"https:\/\/linitiative.ca\/International\/wp-json\/wp\/v2\/posts\/79429","targetHints":{"allow":["GET"]}}],"collection":[{"href":"https:\/\/linitiative.ca\/International\/wp-json\/wp\/v2\/posts"}],"about":[{"href":"https:\/\/linitiative.ca\/International\/wp-json\/wp\/v2\/types\/post"}],"author":[{"embeddable":true,"href":"https:\/\/linitiative.ca\/International\/wp-json\/wp\/v2\/users\/1740"}],"replies":[{"embeddable":true,"href":"https:\/\/linitiative.ca\/International\/wp-json\/wp\/v2\/comments?post=79429"}],"version-history":[{"count":0,"href":"https:\/\/linitiative.ca\/International\/wp-json\/wp\/v2\/posts\/79429\/revisions"}],"wp:attachment":[{"href":"https:\/\/linitiative.ca\/International\/wp-json\/wp\/v2\/media?parent=79429"}],"wp:term":[{"taxonomy":"category","embeddable":true,"href":"https:\/\/linitiative.ca\/International\/wp-json\/wp\/v2\/categories?post=79429"},{"taxonomy":"post_tag","embeddable":true,"href":"https:\/\/linitiative.ca\/International\/wp-json\/wp\/v2\/tags?post=79429"}],"curies":[{"name":"wp","href":"https:\/\/api.w.org\/{rel}","templated":true}]}}