{"id":79430,"date":"2020-03-18T11:58:00","date_gmt":"2020-03-18T15:58:00","guid":{"rendered":"https:\/\/linitiative.ca\/International\/pour-endiguer-la-propagation-du-coronavirus-le-president-tebboune-annonce-la-fermeture-de-toutes-les-frontieres\/"},"modified":"2020-03-18T11:58:00","modified_gmt":"2020-03-18T15:58:00","slug":"pour-endiguer-la-propagation-du-coronavirus-le-president-tebboune-annonce-la-fermeture-de-toutes-les-frontieres","status":"publish","type":"post","link":"https:\/\/linitiative.ca\/International\/pour-endiguer-la-propagation-du-coronavirus-le-president-tebboune-annonce-la-fermeture-de-toutes-les-frontieres\/","title":{"rendered":"POUR ENDIGUER LA PROPAGATION DU CORONAVIRUS  : Le Pr\u00e9sident Tebboune annonce  la fermeture de toutes les fronti\u00e8res"},"content":{"rendered":"<p><br id=\"sep_para_1\" class=\"sep_para access\"\/><\/p>\n<div id=\"para_1\" class=\"para_36017503 resize\">\n<div class=\"photo shadow left\"><a href=\"javascript:void(0)\" rel=\"https:\/\/www.reflexiondz.net\/photo\/art\/grande\/43768512-36017503.jpg?v=1584557254&amp;ibox\" title=\"POUR ENDIGUER LA PROPAGATION DU CORONAVIRUS : Le Pr\u00e9sident Tebboune annonce la fermeture de toutes les fronti\u00e8res\"><img decoding=\"async\" class=\"responsive c9\" src=\"https:\/\/www.reflexiondz.net\/photo\/art\/grande\/43768512-36017503.jpg?v=1584557254\" alt=\"POUR ENDIGUER LA PROPAGATION DU CORONAVIRUS : Le Pr\u00e9sident Tebboune annonce la fermeture de toutes les fronti\u00e8res\" title=\"POUR ENDIGUER LA PROPAGATION DU CORONAVIRUS : Le Pr\u00e9sident Tebboune annonce la fermeture de toutes les fronti\u00e8res\"\/><img decoding=\"async\" class=\"not-responsive\" src=\"https:\/\/www.reflexiondz.net\/photo\/art\/default\/43768512-36017503.jpg?v=1584557254\" alt=\"POUR ENDIGUER LA PROPAGATION DU CORONAVIRUS : Le Pr\u00e9sident Tebboune annonce la fermeture de toutes les fronti\u00e8res\" title=\"POUR ENDIGUER LA PROPAGATION DU CORONAVIRUS : Le Pr\u00e9sident Tebboune annonce la fermeture de toutes les fronti\u00e8res\"\/><\/a><\/div>\n<div class=\"texte access firstletter\">Le pr\u00e9sident de la R\u00e9publique a indiqu\u00e9 dans son dernier discours \u00ab\u00a0J&rsquo;ai pr\u00e9sid\u00e9, il y a quelques heures, une r\u00e9union sur les r\u00e9percussions de la propagation de cette \u00e9pid\u00e9mie, en pr\u00e9sence du Premier ministre, de nombre de ministres et de hauts responsables concern\u00e9s directement par la question. La r\u00e9union a d\u00e9bouch\u00e9 sur une s\u00e9rie de d\u00e9cisions\u00a0\u00bb. Il s&rsquo;agit de \u00ab\u00a0la fermeture de toutes les fronti\u00e8res terrestres avec les pays voisins avec \u00e9ventualit\u00e9 d&rsquo;autoriser des d\u00e9placements de personnes dans des cas exceptionnels, de commun accord avec les Gouvernements des pays concern\u00e9s, la suspension imm\u00e9diate de tous les vols de et vers l&rsquo;Alg\u00e9rie, \u00e0 l&rsquo;exception des avions cargos ne transportant aucun voyageur et la fermeture imm\u00e9diate de la navigation maritime, \u00e0 l&rsquo;exception des navires de charge transportant des marchandises et des biens\u00a0\u00bb, a soulign\u00e9 le pr\u00e9sident Tebboune. Il s&rsquo;agit \u00e9galement de \u00ab\u00a0la d\u00e9sinfection imm\u00e9diate de tous les moyens de transport public aux niveau national et de wilaya, ainsi que les stations de transport de voyageurs, l&rsquo;interdiction des rassemblements et des marches quelles que soient leur forme et leur nature et isolement de tout endroit suspect\u00e9 d&rsquo;\u00eatre un foyer de la pand\u00e9mie\u00a0\u00bb, outre \u00ab\u00a0l&rsquo;interdiction d&rsquo;exportation de tout produit strat\u00e9gique, soit-il m\u00e9dical ou alimentaire jusqu&rsquo;\u00e0 la fin de la crise, \u00e0 l&rsquo;effet de pr\u00e9server les r\u00e9serves strat\u00e9giques nationales\u00a0\u00bb. Dans le m\u00eame contexte, le Pr\u00e9sident de la R\u00e9publique a d\u00e9cid\u00e9 \u00ab\u00a0la suspension de la pri\u00e8re du vendredi et des pri\u00e8res collectives et la fermeture des mosqu\u00e9es avec maintien de l&rsquo;appel \u00e0 la pri\u00e8re \u00e0 la demande de la Commission de la Fatwa avec l&rsquo;aval de nos \u00e9minents Cheikhs et Oul\u00e9mas, la lutte et la d\u00e9nonciation des sp\u00e9culateurs qui exploitent, sans scrupule, l&rsquo;\u00e9tat de panique g\u00e9n\u00e9rale pour stocker les produits de base dans le but de susciter une p\u00e9nurie et augmenter les prix\u00a0\u00bb.\u00a0 Il s&rsquo;agit \u00e9galement de la \u00ab\u00a0recherche et l&rsquo;identification des personnes d\u00e9faitistes qui s&rsquo;att\u00e8lent \u00e0 faire circuler des fakenews pour semer l&rsquo;anarchie et maintenir le citoyen en \u00e9tat de panique\u00a0\u00bb, outre \u00ab\u00a0l&rsquo;augmentation de la capacit\u00e9 des h\u00f4pitaux \u00e0 transformer nombre de lits en lits de r\u00e9animation, en cas de n\u00e9cessit\u00e9\u00a0\u00bb et \u00ab\u00a0la mise en place d&rsquo;un dispositif ORSEC \u00e0 long terme, pour \u00e9viter la r\u00e9apparition de ce genre d&rsquo;\u00e9pid\u00e9mie\u00a0\u00bb, appelant \u00e0 cette occasion \u00e0 \u00ab\u00a0l&rsquo;intensification des campagnes de sensibilisation \u00e0 travers les m\u00e9dias, avec implication d&rsquo;\u00e9minents sp\u00e9cialistes et savants\u00a0\u00bb.<\/div>\n<\/div>\n<p>Auteur: Ismain<br \/>\n<a href=\"https:\/\/www.reflexiondz.net\/POUR-ENDIGUER-LA-PROPAGATION-DU-CORONAVIRUS-Le-President-Tebboune-annonce-la-fermeture-de-toutes-les-frontieres_a61367.html\">Cliquez ici pour lire l&rsquo;article depuis sa source.<\/a><\/p>\n","protected":false},"excerpt":{"rendered":"<p>Le pr\u00e9sident de la R\u00e9publique a indiqu\u00e9 dans son dernier discours \u00ab\u00a0J&rsquo;ai pr\u00e9sid\u00e9, il y a quelques heures, une r\u00e9union sur les r\u00e9percussions de la propagation de cette \u00e9pid\u00e9mie, en pr\u00e9sence du Premier ministre, de nombre de ministres et de hauts responsables concern\u00e9s directement par la question. La r\u00e9union a d\u00e9bouch\u00e9 sur une s\u00e9rie de [&hellip;]<\/p>\n","protected":false},"author":1740,"featured_media":0,"comment_status":"closed","ping_status":"closed","sticky":false,"template":"","format":"standard","meta":{"fifu_image_url":"","fifu_image_alt":"","footnotes":""},"categories":[53,76],"tags":[],"class_list":["post-79430","post","type-post","status-publish","format-standard","hentry","category-algerie","category-regions"],"_links":{"self":[{"href":"https:\/\/linitiative.ca\/International\/wp-json\/wp\/v2\/posts\/79430","targetHints":{"allow":["GET"]}}],"collection":[{"href":"https:\/\/linitiative.ca\/International\/wp-json\/wp\/v2\/posts"}],"about":[{"href":"https:\/\/linitiative.ca\/International\/wp-json\/wp\/v2\/types\/post"}],"author":[{"embeddable":true,"href":"https:\/\/linitiative.ca\/International\/wp-json\/wp\/v2\/users\/1740"}],"replies":[{"embeddable":true,"href":"https:\/\/linitiative.ca\/International\/wp-json\/wp\/v2\/comments?post=79430"}],"version-history":[{"count":0,"href":"https:\/\/linitiative.ca\/International\/wp-json\/wp\/v2\/posts\/79430\/revisions"}],"wp:attachment":[{"href":"https:\/\/linitiative.ca\/International\/wp-json\/wp\/v2\/media?parent=79430"}],"wp:term":[{"taxonomy":"category","embeddable":true,"href":"https:\/\/linitiative.ca\/International\/wp-json\/wp\/v2\/categories?post=79430"},{"taxonomy":"post_tag","embeddable":true,"href":"https:\/\/linitiative.ca\/International\/wp-json\/wp\/v2\/tags?post=79430"}],"curies":[{"name":"wp","href":"https:\/\/api.w.org\/{rel}","templated":true}]}}